{"id":758988,"date":"2016-04-21T12:07:39","date_gmt":"2016-04-21T10:07:39","guid":{"rendered":"https:\/\/dailynewshungary.com\/de\/ungarn-unterstutzt-eu-turkei-abkommen\/"},"modified":"2016-04-21T12:07:39","modified_gmt":"2016-04-21T10:07:39","slug":"ungarn-unterstutzt-eu-turkei-abkommen","status":"publish","type":"post","link":"https:\/\/dailynewshungary.com\/de\/ungarn-unterstutzt-eu-turkei-abkommen\/","title":{"rendered":"Ungarn unterst\u00fctzt EU-T\u00fcrkei-Abkommen"},"content":{"rendered":"<p><strong>Stra\u00dfburg, 21. April (MTI) \u201eUngarn unterst\u00fctzt das EU-T\u00fcrkei-Abkommen, das die Au\u00dfengrenzen Europas sch\u00fctzt und f\u00fcr Europa dasselbe ist wie der Zaun f\u00fcr Ungarn, sagte der Vorsitzende des Ausschusses f\u00fcr ausw\u00e4rtige Angelegenheiten des Parlaments MTI am Telefon in Stra\u00dfburg. am sp\u00e4ten Mittwoch.<\/strong><\/p>\n<p>Als er an einer Debatte der Parlamentarischen Versammlung des Europarates \u00fcber Migration teilnahm, bezeichnete Zsolt N\u00e9meth es als gro\u00dfen Erfolg, dass das Abkommen die Au\u00dfengrenzen des Kontinents verteidigt.<\/p>\n<p>Gleichzeitig dr\u00fcckte er sein Bedauern dar\u00fcber aus, dass die Versammlung die Europ\u00e4ische Union abgelehnt habe, indem sie erkl\u00e4rte, dass das Abkommen im Widerspruch zu einigen grundlegenden Menschenrechten stehe.<\/p>\n<p>N\u00e9meth nannte es ein wichtiges Element des Abkommens, dass die Neuansiedlung von Migranten in EU-Mitgliedstaaten auf freiwilliger Basis erfolgen soll, was Ungarn f\u00fcr den einzig akzeptablen Ansatz h\u00e4lt.<\/p>\n<p>In seiner Ansprache an die Debatte \u00fcber Antisemitismus betonte er die Notwendigkeit der Sicherheit in Europa.<\/p>\n<p>\u201cDie Erh\u00f6hung der \u00e4u\u00dferen und inneren Sicherheit des Kontinents ist der beste Weg, das Sicherheitsgef\u00fchl der j\u00fcdischen Gemeinde zu st\u00e4rken und Antisemitismus entgegenzuwirken\u201d, sagte N\u00e9meth.<\/p>\n<p>Da der israelisch-pal\u00e4stinensische Friedensprozess zum Stillstand gekommen sei, sollten die diplomatischen Bem\u00fchungen wieder aufgenommen werden, um die Zwei-Staaten-L\u00f6sung erneut auf die Tagesordnung zu setzen, sagte er.<\/p>\n<p>N\u00e9meth sagte, dass eine Gruppe ukrainischer Kinder, darunter f\u00fcnf ethnische Ungarn aus der Region Transkarpatien, am Mittwoch Stra\u00dfburg im Rahmen eines von ungarischen Diplomaten in der Ukraine initiierten Projekts zur Unterst\u00fctzung von Kindern besucht habe, die durch den Krieg zu Waisen geworden seien.<\/p>\n<p>Er best\u00e4tigte Ungarns Eintreten f\u00fcr die Wiederherstellung des Friedens und des friedlichen Zusammenlebens in einer freien, unabh\u00e4ngigen und demokratischen Ukraine.<\/p>\n","protected":false},"excerpt":{"rendered":"<p>Stra\u00dfburg, 21. April (MTI) \u201eUngarn unterst\u00fctzt das EU-T\u00fcrkei-Abkommen, das die Au\u00dfengrenzen Europas sch\u00fctzt und f\u00fcr Europa dasselbe ist wie der Zaun f\u00fcr Ungarn, sagte der Vorsitzende des Ausschusses f\u00fcr ausw\u00e4rtige Angelegenheiten des Parlaments MTI am Telefon in Stra\u00dfburg. am sp\u00e4ten Mittwoch. Als er an einer Debatte der Parlamentarischen Versammlung des Europarates \u00fcber Migration teilnahm, bezeichnete [&hellip;]<\/p>\n","protected":false},"author":2,"featured_media":758989,"comment_status":"open","ping_status":"open","sticky":false,"template":"","format":"standard","meta":{"_acf_changed":false,"_display_image":"","footnotes":""},"categories":[1081],"tags":[1082,1871,1445,1200],"class_list":["post-758988","post","type-post","status-publish","format-standard","has-post-thumbnail","hentry","category-politik","tag-europaische-union","tag-migrantenquoten","tag-migration","tag-turkei"],"blocksy_meta":[],"acf":[],"author_username":"alk","telegram_post":"","public_post_metadata":{"breaking_news":"","important":"","csempe":"","center_tile":"","disable_thumbnail":"","target_lang":"","_featured_image_style":"","telegram_post":"","_xlat_group_id":""},"public_rank_math_data":{"title":"%title% %sep% %sitename%","description":"","focus_keyword":"","canonical_url":"","robots":"","primary_category":"1081","breadcrumb_title":"","facebook_title":"","facebook_description":"","facebook_image":"","facebook_image_id":"","twitter_title":"","twitter_description":"","twitter_image":"","twitter_image_id":"","twitter_card_type":"","twitter_use_facebook":"","advanced_robots":"","pillar_content":"","seo_score":"","contentai_score":"","rich_snippet":""},"_links":{"self":[{"href":"https:\/\/dailynewshungary.com\/de\/wp-json\/wp\/v2\/posts\/758988","targetHints":{"allow":["GET"]}}],"collection":[{"href":"https:\/\/dailynewshungary.com\/de\/wp-json\/wp\/v2\/posts"}],"about":[{"href":"https:\/\/dailynewshungary.com\/de\/wp-json\/wp\/v2\/types\/post"}],"author":[{"embeddable":true,"href":"https:\/\/dailynewshungary.com\/de\/wp-json\/wp\/v2\/users\/2"}],"replies":[{"embeddable":true,"href":"https:\/\/dailynewshungary.com\/de\/wp-json\/wp\/v2\/comments?post=758988"}],"version-history":[{"count":0,"href":"https:\/\/dailynewshungary.com\/de\/wp-json\/wp\/v2\/posts\/758988\/revisions"}],"wp:featuredmedia":[{"embeddable":true,"href":"https:\/\/dailynewshungary.com\/de\/wp-json\/wp\/v2\/media\/758989"}],"wp:attachment":[{"href":"https:\/\/dailynewshungary.com\/de\/wp-json\/wp\/v2\/media?parent=758988"}],"wp:term":[{"taxonomy":"category","embeddable":true,"href":"https:\/\/dailynewshungary.com\/de\/wp-json\/wp\/v2\/categories?post=758988"},{"taxonomy":"post_tag","embeddable":true,"href":"https:\/\/dailynewshungary.com\/de\/wp-json\/wp\/v2\/tags?post=758988"}],"curies":[{"name":"wp","href":"https:\/\/api.w.org\/{rel}","templated":true}]}}