{"id":759061,"date":"2016-04-18T19:00:13","date_gmt":"2016-04-18T17:00:13","guid":{"rendered":"https:\/\/dailynewshungary.com\/de\/ansatz-der-eu-institutionen-in-sachen-migration-enttauschend-sagt-ausenminister-in-luxemburg\/"},"modified":"2016-04-18T19:00:13","modified_gmt":"2016-04-18T17:00:13","slug":"ansatz-der-eu-institutionen-in-sachen-migration-enttauschend-sagt-ausenminister-in-luxemburg","status":"publish","type":"post","link":"https:\/\/dailynewshungary.com\/de\/ansatz-der-eu-institutionen-in-sachen-migration-enttauschend-sagt-ausenminister-in-luxemburg\/","title":{"rendered":"Ansatz der EU-Institutionen in Sachen Migration entt\u00e4uschend, sagt Au\u00dfenminister in Luxemburg"},"content":{"rendered":"<p><strong>Luxemburg, 18. April (MTI) \u2013 Die Haltung der Institutionen der Europ\u00e4ischen Union gegen\u00fcber der Fl\u00fcchtlingskrise war entt\u00e4uschend, da sie trotz der offensichtlichen Folgen der illegalen Migration immer wieder versuchen, Wege zu finden, noch mehr Menschen nach Europa zu bringen, so Ungarns Au\u00dfenminister sagte am Montag.<\/strong><\/p>\n<p>P\u00e9ter Szijj\u00e1rt\u00f3 sagte MTI am Rande eines Treffens der EU-Au\u00dfenminister in Luxemburg, es sei an der Zeit, dass die EU ihre derzeitige Migrationspolitik abschafft und aufh\u00f6rt, \u201eEinladungen an Migranten zu verschicken\u201cdie ihr Leben riskieren, um sich auf eine Reise nach Europa zu begeben.<\/p>\n<p>Die Folgen der sogenannten \u201ePull-Faktoren\u201cder Migration seien klar, sagte Szijj\u00e1rt\u00f3 und zitierte einen neuen Bericht der BBC, in dem es hie\u00df, Hunderte von Migranten seien im Mittelmeer ertrunken, als sie versuchten, von \u00c4gypten nach Italien zu gelangen.<\/p>\n<p>Er sagte, das Hauptanliegen der EU sollte darin bestehen, einen Weg zu finden, den Migrationsdruck an den Au\u00dfengrenzen des Blocks zu verringern, und die Ma\u00dfnahmen festzulegen, die die nationalen Regierungen und die EU insgesamt durchf\u00fchren m\u00fcssen, um dies zu erreichenVor der \u00c4nderung der Dublin-Regeln sollte die EU die Schengen-Regelungen und deren Durchsetzung verst\u00e4rken.<\/p>\n<p>Szijj\u00e1rt\u00f3 sagte, dies sei das Ziel des Zehn-Punkte-Aktionsplans, den die ungarische Regierung am Freitag vorgelegt habe.<\/p>\n<p>Nach dem \u201cSchengen 2.0\u201d getauften Plan von Ministerpr\u00e4sident Viktor Orb\u00e1n muss, wenn ein Mitgliedstaat des Schengen-Raums nicht in der Lage ist, die Schengen-Regeln einzuhalten, die EU-Grenzschutzbeh\u00f6rde eingreifen und die Grenzschutzaufgaben dieses Landes im Rahmen einer Vereinbarung \u00fcbernehmen, sollten die Seiten jedoch keine Einigung in dieser Angelegenheit erzielen, k\u00f6nnte die Schengen-Mitgliedschaft des Landes ausgesetzt werden, so Szijj\u00e1rt\u00f3.<\/p>\n<p>Er bekr\u00e4ftigte, dass Ungarn alle auf Fl\u00fcchtlingsquoten basierenden Vorschl\u00e4ge zur L\u00f6sung der Krise sowie die Mentalit\u00e4t ablehnt, dass Migration zur L\u00f6sung der Demografie- und Arbeitsmarktprobleme Europas genutzt werden k\u00f6nnte.<\/p>\n<p>Zum Thema der humanit\u00e4ren Krise im Irak, die ebenfalls auf der Tagesordnung des Treffens steht, sagte Szijj\u00e1rt\u00f3, Ungarn werde der Europ\u00e4ischen Kommission vorschlagen, einen Plan zur Bereitstellung von Hilfe f\u00fcr die kurdische Region des Landes im Norden auszuarbeiten, in der mehr als 2 Millionen Menschen leben interne Fl\u00fcchtlinge.<\/p>\n<p>Auf die j\u00fcngsten \u00c4u\u00dferungen des UN-Fl\u00fcchtlingskommissars Filippo Grandi, in denen er sagte, Europa k\u00f6nne nicht auf die Fl\u00fcchtlingskrise mit dem Bau von Grenzz\u00e4unen reagieren, sagte Szijj\u00e1rt\u00f3, er sei mit Grandis Position nicht einverstandenDie Migrationswelle k\u00f6nne nur durch den Schutz der Grenzen gestoppt werden, was der erste Schritt sein m\u00fcsse, sagte Szijj\u00e1rt\u00f3.<\/p>\n<p><em>Foto: MTI<\/em><\/p>\n","protected":false},"excerpt":{"rendered":"<p>Luxemburg, 18. April (MTI) \u2013 Die Haltung der Institutionen der Europ\u00e4ischen Union gegen\u00fcber der Fl\u00fcchtlingskrise war entt\u00e4uschend, da sie trotz der offensichtlichen Folgen der illegalen Migration immer wieder versuchen, Wege zu finden, noch mehr Menschen nach Europa zu bringen, so Ungarns Au\u00dfenminister sagte am Montag. P\u00e9ter Szijj\u00e1rt\u00f3 sagte MTI am Rande eines Treffens der EU-Au\u00dfenminister [&hellip;]<\/p>\n","protected":false},"author":2,"featured_media":759062,"comment_status":"open","ping_status":"open","sticky":false,"template":"","format":"standard","meta":{"_acf_changed":false,"_display_image":"","footnotes":""},"categories":[1081],"tags":[1470,1082,1445,1299],"class_list":["post-759061","post","type-post","status-publish","format-standard","has-post-thumbnail","hentry","category-politik","tag-ausenministerium-fur-ungarn","tag-europaische-union","tag-migration","tag-schengen"],"blocksy_meta":[],"acf":[],"author_username":"alk","telegram_post":"","public_post_metadata":{"breaking_news":"","important":"","csempe":"","center_tile":"","disable_thumbnail":"","target_lang":"","_featured_image_style":"","telegram_post":"","_xlat_group_id":""},"public_rank_math_data":{"title":"%title% %sep% %sitename%","description":"","focus_keyword":"","canonical_url":"","robots":"","primary_category":"1081","breadcrumb_title":"","facebook_title":"","facebook_description":"","facebook_image":"","facebook_image_id":"","twitter_title":"","twitter_description":"","twitter_image":"","twitter_image_id":"","twitter_card_type":"","twitter_use_facebook":"","advanced_robots":"","pillar_content":"","seo_score":"","contentai_score":"","rich_snippet":""},"_links":{"self":[{"href":"https:\/\/dailynewshungary.com\/de\/wp-json\/wp\/v2\/posts\/759061","targetHints":{"allow":["GET"]}}],"collection":[{"href":"https:\/\/dailynewshungary.com\/de\/wp-json\/wp\/v2\/posts"}],"about":[{"href":"https:\/\/dailynewshungary.com\/de\/wp-json\/wp\/v2\/types\/post"}],"author":[{"embeddable":true,"href":"https:\/\/dailynewshungary.com\/de\/wp-json\/wp\/v2\/users\/2"}],"replies":[{"embeddable":true,"href":"https:\/\/dailynewshungary.com\/de\/wp-json\/wp\/v2\/comments?post=759061"}],"version-history":[{"count":0,"href":"https:\/\/dailynewshungary.com\/de\/wp-json\/wp\/v2\/posts\/759061\/revisions"}],"wp:featuredmedia":[{"embeddable":true,"href":"https:\/\/dailynewshungary.com\/de\/wp-json\/wp\/v2\/media\/759062"}],"wp:attachment":[{"href":"https:\/\/dailynewshungary.com\/de\/wp-json\/wp\/v2\/media?parent=759061"}],"wp:term":[{"taxonomy":"category","embeddable":true,"href":"https:\/\/dailynewshungary.com\/de\/wp-json\/wp\/v2\/categories?post=759061"},{"taxonomy":"post_tag","embeddable":true,"href":"https:\/\/dailynewshungary.com\/de\/wp-json\/wp\/v2\/tags?post=759061"}],"curies":[{"name":"wp","href":"https:\/\/api.w.org\/{rel}","templated":true}]}}