{"id":759099,"date":"2016-04-17T09:30:23","date_gmt":"2016-04-17T07:30:23","guid":{"rendered":"https:\/\/dailynewshungary.com\/de\/fidesz-grenzschutz-ist-fur-die-bewaltigung-der-fluchtlingskrise-am-wichtigsten\/"},"modified":"2016-04-17T09:30:23","modified_gmt":"2016-04-17T07:30:23","slug":"fidesz-grenzschutz-ist-fur-die-bewaltigung-der-fluchtlingskrise-am-wichtigsten","status":"publish","type":"post","link":"https:\/\/dailynewshungary.com\/de\/fidesz-grenzschutz-ist-fur-die-bewaltigung-der-fluchtlingskrise-am-wichtigsten\/","title":{"rendered":"Fidesz: Grenzschutz ist f\u00fcr die Bew\u00e4ltigung der Fl\u00fcchtlingskrise am wichtigsten"},"content":{"rendered":"<p><strong>Budapest, 16. April (MTI) \u2013 Statt ihre Migrationspolitik zu \u00e4ndern, sollte die Europ\u00e4ische Union die Angelegenheit vollst\u00e4ndig den Mitgliedstaaten \u00fcberlassen und die Migrantenkrise durch den Schutz der Au\u00dfengrenzen des Blocks bew\u00e4ltigen, sagte der stellvertretende Fraktionsvorsitzende der Regierungspartei Fidesz am Samstag.<\/strong><\/p>\n<p>Auf einer Pressekonferenz sagte Gergely Guly\u00e1s, dass die Vorschl\u00e4ge der EU, die obligatorische Migrantenquoten einschlie\u00dfen, \u201edie nationale Souver\u00e4nit\u00e4t der Mitgliedstaaten \u201eschwer\u201d verletzen.<\/p>\n<p>Umso wichtiger sei das Referendum der ungarischen Regierung \u00fcber die Migrantenquoten, sagte er und wies darauf hin, dass die Abstimmung voraussichtlich im Herbst stattfinden werde.<\/p>\n<p>Er sagte, der urspr\u00fcngliche Vorschlag der EU, der die Umverteilung von Migranten unter den Mitgliedstaaten unter Verwendung von Quoten vorschreibt, w\u00fcrde die geltenden Asylvorschriften grundlegend \u00e4ndernDas Quotensystem w\u00fcrde vorschreiben, dass das Land, in das ein Migrant umgesiedelt wird, den Asylantrag statt des Landes, \u00fcber das der Migrant zuerst in den Block einreist, beurteilen m\u00fcsste.<\/p>\n<p>Bis die EU in der Lage ist, ihre Grenzen zu sch\u00fctzen, und bis ein System vorhanden ist, mit dem \u00fcber Asylantr\u00e4ge entschieden wird, bevor ein Asylbewerber in die EU einreist, wird es unter den Menschen, die nach Europa kommen, Fl\u00fcchtlinge, Migranten und Terroristen geben, sagte Guly\u00e1s \u201eNiemand kann dies bestreiten&#8230;\u201cnach Paris und Br\u00fcssel\u201d, f\u00fcgte er hinzu.<\/p>\n<p>\u201cBr\u00fcssel muss gestoppt werden\u201d, sagte Guly\u00e1s und argumentierte, dass sein Migrantenquotenplan die Zukunft Europas durch die Entstehung von Parallelgesellschaften bedroht.<\/p>\n<p>Er sagte, Ungarn habe die Quotenregelung zu Recht vor dem Europ\u00e4ischen Gerichtshof angefochten und argumentiert, dass die Erfahrung gezeigt habe, dass die Regelung nicht funktionieren k\u00f6nne, da bisher nur 1.100 der geplanten 120.000 Migranten umgesiedelt worden seien.<\/p>\n<p>Aber \u201cdie Europ\u00e4ische Linke weigert sich, ihre Pl\u00e4ne aufzugeben\u201d, sagte Guly\u00e1sEr f\u00fcgte hinzu, dass dies die Frage aufwirft, ob Br\u00fcssel wirklich daran interessiert ist, den Zustrom von Migranten zu stoppen, oder ob es Migration nutzen will, um Europas demografisches Problem zu l\u00f6sen.<\/p>\n<p><em>Foto: MTI<\/em><\/p>\n","protected":false},"excerpt":{"rendered":"<p>Budapest, 16. April (MTI) \u2013 Statt ihre Migrationspolitik zu \u00e4ndern, sollte die Europ\u00e4ische Union die Angelegenheit vollst\u00e4ndig den Mitgliedstaaten \u00fcberlassen und die Migrantenkrise durch den Schutz der Au\u00dfengrenzen des Blocks bew\u00e4ltigen, sagte der stellvertretende Fraktionsvorsitzende der Regierungspartei Fidesz am Samstag. Auf einer Pressekonferenz sagte Gergely Guly\u00e1s, dass die Vorschl\u00e4ge der EU, die obligatorische Migrantenquoten einschlie\u00dfen, [&hellip;]<\/p>\n","protected":false},"author":2,"featured_media":759100,"comment_status":"open","ping_status":"open","sticky":false,"template":"","format":"standard","meta":{"_acf_changed":false,"_display_image":"","footnotes":""},"categories":[1081],"tags":[1082,1091,1871,1445],"class_list":["post-759099","post","type-post","status-publish","format-standard","has-post-thumbnail","hentry","category-politik","tag-europaische-union","tag-fidesz","tag-migrantenquoten","tag-migration"],"blocksy_meta":[],"acf":[],"author_username":"alk","telegram_post":"","public_post_metadata":{"breaking_news":"","important":"","csempe":"","center_tile":"","disable_thumbnail":"","target_lang":"","_featured_image_style":"","telegram_post":"","_xlat_group_id":""},"public_rank_math_data":{"title":"%title% %sep% %sitename%","description":"","focus_keyword":"","canonical_url":"","robots":"","primary_category":"1081","breadcrumb_title":"","facebook_title":"","facebook_description":"","facebook_image":"","facebook_image_id":"","twitter_title":"","twitter_description":"","twitter_image":"","twitter_image_id":"","twitter_card_type":"","twitter_use_facebook":"","advanced_robots":"","pillar_content":"","seo_score":"","contentai_score":"","rich_snippet":""},"_links":{"self":[{"href":"https:\/\/dailynewshungary.com\/de\/wp-json\/wp\/v2\/posts\/759099","targetHints":{"allow":["GET"]}}],"collection":[{"href":"https:\/\/dailynewshungary.com\/de\/wp-json\/wp\/v2\/posts"}],"about":[{"href":"https:\/\/dailynewshungary.com\/de\/wp-json\/wp\/v2\/types\/post"}],"author":[{"embeddable":true,"href":"https:\/\/dailynewshungary.com\/de\/wp-json\/wp\/v2\/users\/2"}],"replies":[{"embeddable":true,"href":"https:\/\/dailynewshungary.com\/de\/wp-json\/wp\/v2\/comments?post=759099"}],"version-history":[{"count":0,"href":"https:\/\/dailynewshungary.com\/de\/wp-json\/wp\/v2\/posts\/759099\/revisions"}],"wp:featuredmedia":[{"embeddable":true,"href":"https:\/\/dailynewshungary.com\/de\/wp-json\/wp\/v2\/media\/759100"}],"wp:attachment":[{"href":"https:\/\/dailynewshungary.com\/de\/wp-json\/wp\/v2\/media?parent=759099"}],"wp:term":[{"taxonomy":"category","embeddable":true,"href":"https:\/\/dailynewshungary.com\/de\/wp-json\/wp\/v2\/categories?post=759099"},{"taxonomy":"post_tag","embeddable":true,"href":"https:\/\/dailynewshungary.com\/de\/wp-json\/wp\/v2\/tags?post=759099"}],"curies":[{"name":"wp","href":"https:\/\/api.w.org\/{rel}","templated":true}]}}