{"id":759139,"date":"2016-04-15T19:30:43","date_gmt":"2016-04-15T17:30:43","guid":{"rendered":"https:\/\/dailynewshungary.com\/de\/zwolf-kilometer-lauf-zum-12-jahrestag-der-eu-mitgliedschaft\/"},"modified":"2016-04-15T19:30:43","modified_gmt":"2016-04-15T17:30:43","slug":"zwolf-kilometer-lauf-zum-12-jahrestag-der-eu-mitgliedschaft","status":"publish","type":"post","link":"https:\/\/dailynewshungary.com\/de\/zwolf-kilometer-lauf-zum-12-jahrestag-der-eu-mitgliedschaft\/","title":{"rendered":"Zw\u00f6lf Kilometer Lauf zum 12. Jahrestag der EU-Mitgliedschaft"},"content":{"rendered":"<p><strong>Rund 3.000 Menschen haben sich in weniger als einer Woche f\u00fcr einen 12-Kilometer-Lauf anl\u00e4sslich des zw\u00f6lften Jahrestages des EU-Beitritts Ungarns angemeldet, teilte die Vertretung der Europ\u00e4ischen Kommission und des Europ\u00e4ischen Parlaments in Ungarn am Freitag mit.<\/strong><\/p>\n<p>Der Jubil\u00e4umslauf findet seit 2014 j\u00e4hrlich statt, als ein 10-km-Lauf stattfand. Die diesj\u00e4hrige Veranstaltung beginnt am 8. Mai um 10 Uhr im Margaret Island Athletics Center und f\u00fchrt am V\u00edgsz\u00ednh\u00e1z-Theater, den Cs\u00e1sz\u00e1r- und Luk\u00e1cs-Spas und dem \u00d3buda-Museum vorbei, Einrichtungen, die in der vergangenen Zeit gro\u00dfe EU-Unterst\u00fctzung erhalten haben F\u00fcr die K\u00fcr werden nicht mehr als 4.000 Anmeldungen entgegengenommen, sagten die Organisatoren.<\/p>\n<p>Das Leichtathletikzentrum wird ab 11 Uhr Veranstaltungen veranstalten, darunter Konzerte, Kinderveranstaltungen, Quizfragen \u00fcber die EU und Spiele.<\/p>\n","protected":false},"excerpt":{"rendered":"<p>Rund 3.000 Menschen haben sich in weniger als einer Woche f\u00fcr einen 12-Kilometer-Lauf anl\u00e4sslich des zw\u00f6lften Jahrestages des EU-Beitritts Ungarns angemeldet, teilte die Vertretung der Europ\u00e4ischen Kommission und des Europ\u00e4ischen Parlaments in Ungarn am Freitag mit. Der Jubil\u00e4umslauf findet seit 2014 j\u00e4hrlich statt, als ein 10-km-Lauf stattfand. Die diesj\u00e4hrige Veranstaltung beginnt am 8. Mai um [&hellip;]<\/p>\n","protected":false},"author":2,"featured_media":759140,"comment_status":"open","ping_status":"open","sticky":false,"template":"","format":"standard","meta":{"_acf_changed":false,"_display_image":"","footnotes":""},"categories":[1219],"tags":[1082,1612],"class_list":["post-759139","post","type-post","status-publish","format-standard","has-post-thumbnail","hentry","category-sport","tag-europaische-union","tag-leichtathletik"],"blocksy_meta":[],"acf":[],"author_username":"alk","telegram_post":"","public_post_metadata":{"breaking_news":"","important":"","csempe":"","center_tile":"","disable_thumbnail":"","target_lang":"","_featured_image_style":"","telegram_post":"","_xlat_group_id":""},"public_rank_math_data":{"title":"%title% %sep% %sitename%","description":"Rund 3.000 Menschen haben sich in weniger als einer Woche f\u00fcr einen 12-Kilometer-Lauf anl\u00e4sslich des zw\u00f6lften Jahrestages des EU-Beitritts Ungarns angemeldet","focus_keyword":"Lauf","canonical_url":"","robots":"","primary_category":"1219","breadcrumb_title":"","facebook_title":"","facebook_description":"","facebook_image":"","facebook_image_id":"","twitter_title":"","twitter_description":"","twitter_image":"","twitter_image_id":"","twitter_card_type":"","twitter_use_facebook":"","advanced_robots":"","pillar_content":"","seo_score":"51","contentai_score":"","rich_snippet":""},"_links":{"self":[{"href":"https:\/\/dailynewshungary.com\/de\/wp-json\/wp\/v2\/posts\/759139","targetHints":{"allow":["GET"]}}],"collection":[{"href":"https:\/\/dailynewshungary.com\/de\/wp-json\/wp\/v2\/posts"}],"about":[{"href":"https:\/\/dailynewshungary.com\/de\/wp-json\/wp\/v2\/types\/post"}],"author":[{"embeddable":true,"href":"https:\/\/dailynewshungary.com\/de\/wp-json\/wp\/v2\/users\/2"}],"replies":[{"embeddable":true,"href":"https:\/\/dailynewshungary.com\/de\/wp-json\/wp\/v2\/comments?post=759139"}],"version-history":[{"count":0,"href":"https:\/\/dailynewshungary.com\/de\/wp-json\/wp\/v2\/posts\/759139\/revisions"}],"wp:featuredmedia":[{"embeddable":true,"href":"https:\/\/dailynewshungary.com\/de\/wp-json\/wp\/v2\/media\/759140"}],"wp:attachment":[{"href":"https:\/\/dailynewshungary.com\/de\/wp-json\/wp\/v2\/media?parent=759139"}],"wp:term":[{"taxonomy":"category","embeddable":true,"href":"https:\/\/dailynewshungary.com\/de\/wp-json\/wp\/v2\/categories?post=759139"},{"taxonomy":"post_tag","embeddable":true,"href":"https:\/\/dailynewshungary.com\/de\/wp-json\/wp\/v2\/tags?post=759139"}],"curies":[{"name":"wp","href":"https:\/\/api.w.org\/{rel}","templated":true}]}}