{"id":759215,"date":"2016-04-13T08:00:50","date_gmt":"2016-04-13T06:00:50","guid":{"rendered":"https:\/\/dailynewshungary.com\/de\/ungarisches-ausenministerium-erklarung-des-luxemburgischen-ministers-inakzeptabel\/"},"modified":"2016-04-13T08:00:50","modified_gmt":"2016-04-13T06:00:50","slug":"ungarisches-ausenministerium-erklarung-des-luxemburgischen-ministers-inakzeptabel","status":"publish","type":"post","link":"https:\/\/dailynewshungary.com\/de\/ungarisches-ausenministerium-erklarung-des-luxemburgischen-ministers-inakzeptabel\/","title":{"rendered":"Ungarisches Au\u00dfenministerium: Erkl\u00e4rung des luxemburgischen Ministers \u2018inakzeptabel\u2019"},"content":{"rendered":"<p><strong>Budapest, 12. April (MTI) \u201eDer ungarische Au\u00dfenminister P\u00e9ter Szijj\u00e1rt\u00f3 sagte am Dienstag in einer Erkl\u00e4rung gegen\u00fcber der Presse seines luxemburgischen Amtskollegen, dass die Kommentare seines luxemburgischen Amtskollegen zur Migrationspolitik von Premierminister Viktor Orb\u00e1n und Ungarn \u201einakzeptabel und eines europ\u00e4ischen Politikers unw\u00fcrdig\u201cseien\u201d.<\/strong><\/p>\n<p>Jean Asselborn sagte der deutschen Tageszeitung Neue Osnabruecker Zeitung, es sei seltsam, dass ein engagierter Europ\u00e4er wie <a href=\"https:\/\/dailynewshungary.com\/de\/bild-orban-trifft-den-ehemaligen-deutschen-bundeskanzler-kohl\/\" target=\"_blank\">Helmut Kohl plante ein Treffen mit Orb\u00e1n<\/a>. W\u00e4hrend er die deutsche Migrantenpolitik unter freiem Himmel lobte, kritisierte er den Ansatz Ungarns.<\/p>\n<p>Szijj\u00e1rt\u00f3 sagte, dass eine gro\u00dfe Mehrheit der Ungarn zweimal hintereinander f\u00fcr Orb\u00e1n und seine Regierung gestimmt habe und sein luxemburgischer Amtskollege die Entscheidung der Ungarn respektieren sollte.<\/p>\n<p>Mit Blick auf die Bem\u00fchungen zum Schutz der EU-Au\u00dfengrenze f\u00fcgte er hinzu, dass Menschen, die in der Vergangenheit die ungarische Politik kritisiert haben, nun akzeptieren, dass die \u201cungarische L\u00f6sung funktioniert\u201d.<\/p>\n","protected":false},"excerpt":{"rendered":"<p>Budapest, 12. April (MTI) \u201eDer ungarische Au\u00dfenminister P\u00e9ter Szijj\u00e1rt\u00f3 sagte am Dienstag in einer Erkl\u00e4rung gegen\u00fcber der Presse seines luxemburgischen Amtskollegen, dass die Kommentare seines luxemburgischen Amtskollegen zur Migrationspolitik von Premierminister Viktor Orb\u00e1n und Ungarn \u201einakzeptabel und eines europ\u00e4ischen Politikers unw\u00fcrdig\u201cseien\u201d. Jean Asselborn sagte der deutschen Tageszeitung Neue Osnabruecker Zeitung, es sei seltsam, dass ein [&hellip;]<\/p>\n","protected":false},"author":2,"featured_media":759216,"comment_status":"open","ping_status":"open","sticky":false,"template":"","format":"standard","meta":{"_acf_changed":false,"_display_image":"","footnotes":""},"categories":[1081],"tags":[1169,1082,1128],"class_list":["post-759215","post","type-post","status-publish","format-standard","has-post-thumbnail","hentry","category-politik","tag-aussenministerium-von-ungarn","tag-europaische-union","tag-viktor-orban"],"blocksy_meta":[],"acf":[],"author_username":"alk","telegram_post":"","public_post_metadata":{"breaking_news":"","important":"","csempe":"","center_tile":"","disable_thumbnail":"","target_lang":"","_featured_image_style":"","telegram_post":"","_xlat_group_id":""},"public_rank_math_data":{"title":"%title% %sep% %sitename%","description":"","focus_keyword":"","canonical_url":"","robots":"","primary_category":"1081","breadcrumb_title":"","facebook_title":"","facebook_description":"","facebook_image":"","facebook_image_id":"","twitter_title":"","twitter_description":"","twitter_image":"","twitter_image_id":"","twitter_card_type":"","twitter_use_facebook":"","advanced_robots":"","pillar_content":"","seo_score":"","contentai_score":"","rich_snippet":""},"_links":{"self":[{"href":"https:\/\/dailynewshungary.com\/de\/wp-json\/wp\/v2\/posts\/759215","targetHints":{"allow":["GET"]}}],"collection":[{"href":"https:\/\/dailynewshungary.com\/de\/wp-json\/wp\/v2\/posts"}],"about":[{"href":"https:\/\/dailynewshungary.com\/de\/wp-json\/wp\/v2\/types\/post"}],"author":[{"embeddable":true,"href":"https:\/\/dailynewshungary.com\/de\/wp-json\/wp\/v2\/users\/2"}],"replies":[{"embeddable":true,"href":"https:\/\/dailynewshungary.com\/de\/wp-json\/wp\/v2\/comments?post=759215"}],"version-history":[{"count":0,"href":"https:\/\/dailynewshungary.com\/de\/wp-json\/wp\/v2\/posts\/759215\/revisions"}],"wp:featuredmedia":[{"embeddable":true,"href":"https:\/\/dailynewshungary.com\/de\/wp-json\/wp\/v2\/media\/759216"}],"wp:attachment":[{"href":"https:\/\/dailynewshungary.com\/de\/wp-json\/wp\/v2\/media?parent=759215"}],"wp:term":[{"taxonomy":"category","embeddable":true,"href":"https:\/\/dailynewshungary.com\/de\/wp-json\/wp\/v2\/categories?post=759215"},{"taxonomy":"post_tag","embeddable":true,"href":"https:\/\/dailynewshungary.com\/de\/wp-json\/wp\/v2\/tags?post=759215"}],"curies":[{"name":"wp","href":"https:\/\/api.w.org\/{rel}","templated":true}]}}