{"id":759320,"date":"2016-04-09T10:55:24","date_gmt":"2016-04-09T08:55:24","guid":{"rendered":"https:\/\/dailynewshungary.com\/de\/eu-kommissar-besucht-superlaserzentrum-szeged\/"},"modified":"2016-04-09T10:55:24","modified_gmt":"2016-04-09T08:55:24","slug":"eu-kommissar-besucht-superlaserzentrum-szeged","status":"publish","type":"post","link":"https:\/\/dailynewshungary.com\/de\/eu-kommissar-besucht-superlaserzentrum-szeged\/","title":{"rendered":"EU-Kommissar besucht Superlaserzentrum Szeged"},"content":{"rendered":"<p><strong>Budapest (MTI) \u2013 Corina Cretu, EU-Kommissarin f\u00fcr Regionalpolitik, besuchte am Freitag das EU-finanzierte Superlaserzentrum in Szeged in S\u00fcdungarn.<\/strong><\/p>\n<p>Ungarn, die Tschechische Republik und Rum\u00e4nien gewannen im Oktober 2009 eine gemeinsame Bewerbung f\u00fcr das Projekt Extreme Light Infrastructure (ELI) der Europ\u00e4ischen UnionDas als Attosecond Light Pulse Source (ALPS) der Extreme Light Infrastructure (ELI) bekannte Projekt wird von der Universit\u00e4t Szeged ausgerichtet.<\/p>\n<p><img loading=\"lazy\" decoding=\"async\" class=\"size-full wp-image-37814 aligncenter\" src=\"https:\/\/dailynewshungary.com\/wp-content\/uploads\/2016\/04\/szeged-botka-ujhelyi.jpg\" alt=\"szeged-botka-ujhelyi\" width=\"600\" height=\"400\" srcset=\"https:\/\/contentf5.dailynewshungary.com\/wp-content\/uploads\/2016\/04\/szeged-botka-ujhelyi.jpg 600w, https:\/\/contentf5.dailynewshungary.com\/wp-content\/uploads\/2016\/04\/szeged-botka-ujhelyi-300x200.jpg 300w\" sizes=\"auto, (max-width: 600px) 100vw, 600px\"><\/p>\n<p>Das ebenfalls von Prag und Bukarest ausgerichtete Gro\u00dfprojekt der EU werde ein erstklassiges Forschungsumfeld in Mitteleuropa schaffen, sagte Cretu auf einer Pressekonferenz.<\/p>\n<p>Das in den drei St\u00e4dten gegr\u00fcndete Zentrum werde die weltweit gr\u00f6\u00dfte wissenschaftliche Einrichtung seiner Art sein, sagte sie.<\/p>\n<p>Die Europ\u00e4ische Kommission sei entschlossen, die Region dabei zu unterst\u00fctzen, ihre Entwicklung und den Ausbau der Besch\u00e4ftigung zu unterst\u00fctzen, sagte sie und f\u00fcgte hinzu, dass ein gro\u00dfer Teil der Kosten des Superlaserprojekts in H\u00f6he von 850 Millionen Euro aus dem regionalen Entwicklungsfonds der EU bereitgestellt worden sei.<\/p>\n<p><img loading=\"lazy\" decoding=\"async\" class=\"size-full wp-image-37813 aligncenter\" src=\"https:\/\/dailynewshungary.com\/wp-content\/uploads\/2016\/04\/szeged-botka-ujhelyi-eu.jpg\" alt=\"szeged-botka-ujhelyi-eu\" width=\"600\" height=\"400\" srcset=\"https:\/\/contentf5.dailynewshungary.com\/wp-content\/uploads\/2016\/04\/szeged-botka-ujhelyi-eu.jpg 600w, https:\/\/contentf5.dailynewshungary.com\/wp-content\/uploads\/2016\/04\/szeged-botka-ujhelyi-eu-300x200.jpg 300w\" sizes=\"auto, (max-width: 600px) 100vw, 600px\"><\/p>\n<p>Cretu sagte, sie habe Gespr\u00e4che mit dem ungarischen EU-Kommissar Tibor Navracsics \u00fcber M\u00f6glichkeiten gef\u00fchrt, einen \u201eGehirnabfluss\u201cin Wissenschaft und Gesundheitswesen zu verhindern, der sich negativ auf Mitteleuropa ausgewirkt habe.<\/p>\n<p>Viktoria T\u00f6lgyesi, Koordinationsdirektorin bei ELI-HU Nonprofit Ltd, sagte, dass der Prozess der Personalrekrutierung noch andauere und bereits \u00fcber 200 Mitarbeiter eingestellt w\u00fcrden.<\/p>\n<p>Sp\u00e4ter am Tag f\u00fchrte Cretu Gespr\u00e4che mit B\u00fcrgermeister L\u00e1szl\u00f3 Botka. Sie erkl\u00e4rte ihre Unterst\u00fctzung f\u00fcr den Abschluss des Infrastrukturentwicklungsprojekts einer Mehrzweckbr\u00fccke, die den Fahrzeug-, Zug-, Fahrrad- und Fu\u00dfg\u00e4ngerverkehr \u00fcber die Thei\u00df erm\u00f6glicht.<\/p>\n<p>Botka gab dem EU-Kommissar einen \u00dcberblick \u00fcber die von Szeged geplanten Entwicklungsprojekte und hob die Thei\u00dfbr\u00fccke als wichtigste hervor.<\/p>\n<p>Der Gemeinderat habe bereits die vorl\u00e4ufigen Pl\u00e4ne des Projekts vorbereitet und dessen Kosten auf \u00fcber 110 Millionen Euro kalkuliert, sagte der B\u00fcrgermeister auf einer Pressekonferenz.<\/p>\n<p>Es handele sich um ein Gro\u00dfprojekt, das in Zusammenarbeit mit Br\u00fcssel, der ungarischen Regierung und der Stadt Szeged umgesetzt werden solle, sagte er.<\/p>\n<p><em>Foto: MTI<\/em><\/p>\n","protected":false},"excerpt":{"rendered":"<p>Budapest (MTI) \u2013 Corina Cretu, EU-Kommissarin f\u00fcr Regionalpolitik, besuchte am Freitag das EU-finanzierte Superlaserzentrum in Szeged in S\u00fcdungarn. Ungarn, die Tschechische Republik und Rum\u00e4nien gewannen im Oktober 2009 eine gemeinsame Bewerbung f\u00fcr das Projekt Extreme Light Infrastructure (ELI) der Europ\u00e4ischen UnionDas als Attosecond Light Pulse Source (ALPS) der Extreme Light Infrastructure (ELI) bekannte Projekt wird [&hellip;]<\/p>\n","protected":false},"author":2,"featured_media":759321,"comment_status":"open","ping_status":"open","sticky":false,"template":"","format":"standard","meta":{"_acf_changed":false,"_display_image":"","footnotes":""},"categories":[1081],"tags":[1082,1386,1076,1537],"class_list":["post-759320","post","type-post","status-publish","format-standard","has-post-thumbnail","hentry","category-politik","tag-europaische-union","tag-szeged","tag-ungarn","tag-wissenschaft"],"blocksy_meta":[],"acf":[],"author_username":"alk","telegram_post":"","public_post_metadata":{"breaking_news":"","important":"","csempe":"","center_tile":"","disable_thumbnail":"","target_lang":"","_featured_image_style":"","telegram_post":"","_xlat_group_id":""},"public_rank_math_data":{"title":"%title% %sep% %sitename%","description":"","focus_keyword":"","canonical_url":"","robots":"","primary_category":"1081","breadcrumb_title":"","facebook_title":"","facebook_description":"","facebook_image":"","facebook_image_id":"","twitter_title":"","twitter_description":"","twitter_image":"","twitter_image_id":"","twitter_card_type":"","twitter_use_facebook":"","advanced_robots":"","pillar_content":"","seo_score":"","contentai_score":"","rich_snippet":""},"_links":{"self":[{"href":"https:\/\/dailynewshungary.com\/de\/wp-json\/wp\/v2\/posts\/759320","targetHints":{"allow":["GET"]}}],"collection":[{"href":"https:\/\/dailynewshungary.com\/de\/wp-json\/wp\/v2\/posts"}],"about":[{"href":"https:\/\/dailynewshungary.com\/de\/wp-json\/wp\/v2\/types\/post"}],"author":[{"embeddable":true,"href":"https:\/\/dailynewshungary.com\/de\/wp-json\/wp\/v2\/users\/2"}],"replies":[{"embeddable":true,"href":"https:\/\/dailynewshungary.com\/de\/wp-json\/wp\/v2\/comments?post=759320"}],"version-history":[{"count":0,"href":"https:\/\/dailynewshungary.com\/de\/wp-json\/wp\/v2\/posts\/759320\/revisions"}],"wp:featuredmedia":[{"embeddable":true,"href":"https:\/\/dailynewshungary.com\/de\/wp-json\/wp\/v2\/media\/759321"}],"wp:attachment":[{"href":"https:\/\/dailynewshungary.com\/de\/wp-json\/wp\/v2\/media?parent=759320"}],"wp:term":[{"taxonomy":"category","embeddable":true,"href":"https:\/\/dailynewshungary.com\/de\/wp-json\/wp\/v2\/categories?post=759320"},{"taxonomy":"post_tag","embeddable":true,"href":"https:\/\/dailynewshungary.com\/de\/wp-json\/wp\/v2\/tags?post=759320"}],"curies":[{"name":"wp","href":"https:\/\/api.w.org\/{rel}","templated":true}]}}