{"id":759338,"date":"2016-04-08T19:20:30","date_gmt":"2016-04-08T17:20:30","guid":{"rendered":"https:\/\/dailynewshungary.com\/de\/orban-trifft-in-budapest-den-leiter-der-international-skating-union\/"},"modified":"2016-04-08T19:20:30","modified_gmt":"2016-04-08T17:20:30","slug":"orban-trifft-in-budapest-den-leiter-der-international-skating-union","status":"publish","type":"post","link":"https:\/\/dailynewshungary.com\/de\/orban-trifft-in-budapest-den-leiter-der-international-skating-union\/","title":{"rendered":"Orb\u00e1n trifft in Budapest den Leiter der International Skating Union"},"content":{"rendered":"<p><strong>Budapest, 8. April (MTI) \u201eMinisterpr\u00e4sident Viktor Orb\u00e1n f\u00fchrte am Freitag im Parlament Gespr\u00e4che mit Ottavio Cinquanta, dem Pr\u00e4sidenten der International Skating Union (ISU), sagte Orb\u00e1ns Pressechef.<\/strong><\/p>\n<p>Cinquanta \u00e4u\u00dferte sich sehr lobend \u00fcber ungarische Athleten und hob die Erfolge im Wasserball, Fechten sowie Kajak und Kanu hervor, sagte Bertalan Havasi.<\/p>\n<p>Der ISU-Pr\u00e4sident dr\u00fcckte seinen Dank und seine Wertsch\u00e4tzung f\u00fcr die hervorragende Zusammenarbeit aus, die ISU in den letzten 23 Jahren mit der ungarischen Partnerorganisation hatte.<\/p>\n<p>Er wies darauf hin, dass der Vorstand der ISU Ungarn aufgrund der hervorragenden Bedingungen und organisatorischen F\u00e4higkeiten des Landes als Gastgeber zweier seiner internationalen Veranstaltungen ausgew\u00e4hlt habe.<\/p>\n<p>Cinquanta hob die \u201cweltber\u00fchmte Gastfreundschaft\u201d Ungarns hervor und f\u00fcgte hinzu, dass die ISU \u201cBudapest das Herz Europas betrachtet, dorthin, wo Sportler genauso gerne kommen wie ihr Unternehmen\u201d<\/p>\n<p>Orb\u00e1n sagte, die ungarische Regierung habe die Mittel f\u00fcr das Eislaufen erheblich erh\u00f6ht, was den Sportlern in der j\u00fcngeren Vergangenheit dabei geholfen habe, ihre Leistung zu verbessern.<\/p>\n<p>Laut der Website der ISU ist Budapest am 8. und 9. April zum zweiten Mal nach 2008 Austragungsort der Synchronlauf-Weltmeisterschaften 2016.<\/p>\n<p>M\u00e4rz fanden in Debrecen die ISU-Junioren-Eiskunstlauf-Weltmeisterschaften 2016 statt.<\/p>\n<p><em>Foto: MTI<\/em><\/p>\n","protected":false},"excerpt":{"rendered":"<p>Budapest, 8. April (MTI) \u201eMinisterpr\u00e4sident Viktor Orb\u00e1n f\u00fchrte am Freitag im Parlament Gespr\u00e4che mit Ottavio Cinquanta, dem Pr\u00e4sidenten der International Skating Union (ISU), sagte Orb\u00e1ns Pressechef. Cinquanta \u00e4u\u00dferte sich sehr lobend \u00fcber ungarische Athleten und hob die Erfolge im Wasserball, Fechten sowie Kajak und Kanu hervor, sagte Bertalan Havasi. Der ISU-Pr\u00e4sident dr\u00fcckte seinen Dank und [&hellip;]<\/p>\n","protected":false},"author":2,"featured_media":759339,"comment_status":"open","ping_status":"open","sticky":false,"template":"","format":"standard","meta":{"_acf_changed":false,"_display_image":"","footnotes":""},"categories":[1219],"tags":[1128],"class_list":["post-759338","post","type-post","status-publish","format-standard","has-post-thumbnail","hentry","category-sport","tag-viktor-orban"],"blocksy_meta":[],"acf":[],"author_username":"alk","telegram_post":"","public_post_metadata":{"breaking_news":"","important":"","csempe":"","center_tile":"","disable_thumbnail":"","target_lang":"","_featured_image_style":"","telegram_post":"","_xlat_group_id":""},"public_rank_math_data":{"title":"%title% %sep% %sitename%","description":"","focus_keyword":"","canonical_url":"","robots":"","primary_category":"1219","breadcrumb_title":"","facebook_title":"","facebook_description":"","facebook_image":"","facebook_image_id":"","twitter_title":"","twitter_description":"","twitter_image":"","twitter_image_id":"","twitter_card_type":"","twitter_use_facebook":"","advanced_robots":"","pillar_content":"","seo_score":"","contentai_score":"","rich_snippet":""},"_links":{"self":[{"href":"https:\/\/dailynewshungary.com\/de\/wp-json\/wp\/v2\/posts\/759338","targetHints":{"allow":["GET"]}}],"collection":[{"href":"https:\/\/dailynewshungary.com\/de\/wp-json\/wp\/v2\/posts"}],"about":[{"href":"https:\/\/dailynewshungary.com\/de\/wp-json\/wp\/v2\/types\/post"}],"author":[{"embeddable":true,"href":"https:\/\/dailynewshungary.com\/de\/wp-json\/wp\/v2\/users\/2"}],"replies":[{"embeddable":true,"href":"https:\/\/dailynewshungary.com\/de\/wp-json\/wp\/v2\/comments?post=759338"}],"version-history":[{"count":0,"href":"https:\/\/dailynewshungary.com\/de\/wp-json\/wp\/v2\/posts\/759338\/revisions"}],"wp:featuredmedia":[{"embeddable":true,"href":"https:\/\/dailynewshungary.com\/de\/wp-json\/wp\/v2\/media\/759339"}],"wp:attachment":[{"href":"https:\/\/dailynewshungary.com\/de\/wp-json\/wp\/v2\/media?parent=759338"}],"wp:term":[{"taxonomy":"category","embeddable":true,"href":"https:\/\/dailynewshungary.com\/de\/wp-json\/wp\/v2\/categories?post=759338"},{"taxonomy":"post_tag","embeddable":true,"href":"https:\/\/dailynewshungary.com\/de\/wp-json\/wp\/v2\/tags?post=759338"}],"curies":[{"name":"wp","href":"https:\/\/api.w.org\/{rel}","templated":true}]}}