{"id":759435,"date":"2016-04-05T16:30:13","date_gmt":"2016-04-05T14:30:13","guid":{"rendered":"https:\/\/dailynewshungary.com\/de\/die-losung-von-migrantenkrisen-erfordert-europaweite-solidaritat-sagt-pace-prasident-in-budapest\/"},"modified":"2016-04-05T16:30:13","modified_gmt":"2016-04-05T14:30:13","slug":"die-losung-von-migrantenkrisen-erfordert-europaweite-solidaritat-sagt-pace-prasident-in-budapest","status":"publish","type":"post","link":"https:\/\/dailynewshungary.com\/de\/die-losung-von-migrantenkrisen-erfordert-europaweite-solidaritat-sagt-pace-prasident-in-budapest\/","title":{"rendered":"Die L\u00f6sung von Migrantenkrisen erfordert europaweite Solidarit\u00e4t, sagt PACE-Pr\u00e4sident in Budapest"},"content":{"rendered":"<p><strong>Budapest, 5. April (MTI) 6 Die L\u00f6sung der Migrationskrise in Europa erfordert eine Solidarit\u00e4tsbekundung aller L\u00e4nder des Kontinents, sagte der Pr\u00e4sident der Parlamentarischen Versammlung des Europarats (PACE) am Dienstag dem Ausschuss f\u00fcr ausw\u00e4rtige Angelegenheiten des Parlaments.<\/strong><\/p>\n<p>Pedro Agramunt sagte, dass jeder, der nach Europa kommt, die gleichen Rechte habe wie europ\u00e4ische B\u00fcrger.<\/p>\n<p>Die aktuelle Migrationskrise gehe jedes europ\u00e4ische Land an, da es sich um die gr\u00f6\u00dfte Fl\u00fcchtlingskrise seit dem Zweiten Weltkrieg handele, sagte erSie werde nur nachlassen, wenn ihre Ursachen beseitigt w\u00fcrden.<\/p>\n<p>Agramunt betonte die Bedeutung der Bek\u00e4mpfung von zunehmendem Extremismus und Terrorismus. Er sagte, die europ\u00e4ischen L\u00e4nder m\u00fcssten in der Lage sein, sich selbst zu sch\u00fctzen, warnte jedoch vor Vorurteilen und Diskriminierung.<\/p>\n<p>Zum Thema Ukraine erkl\u00e4rte der PACE-Pr\u00e4sident, es sei wichtig, eine L\u00f6sung f\u00fcr den bewaffneten Konflikt zu finden, und wies darauf hin, dass trotz der Unterzeichnung der Minsker Abkommen ein langfristiger Waffenstillstand weiterhin schwer zu erreichen sei und politische Instabilit\u00e4t und ein Mangel an glaubw\u00fcrdigen Reformen die Ukrainer desillusioniert von der F\u00fchrung ihres Landes zur\u00fcckgelassen h\u00e4ttenEuropa solle die Reformen der Ukraine unterst\u00fctzen, aber das Land solle auch in der Lage sein, seine eigene territoriale Integrit\u00e4t zu verteidigen, sagte er.<\/p>\n<p>Agramunt sagte, der Europarat habe alle seine Untersuchungen zu Ungarn abgeschlossen und es sei nun an der Zeit f\u00fcr eine professionelle Zusammenarbeit zwischen beiden Seiten.<\/p>\n<p>Zsolt N\u00e9meth, der Vorsitzende des Ausschusses f\u00fcr ausw\u00e4rtige Angelegenheiten der Regierungspartei Fidesz, sagte, die Mechanismen zum Schutz der Rechte des Rates sollten in die Europ\u00e4ische Union integriert werden und argumentierte, dass sie st\u00e4rker seien als die der EU.<\/p>\n<p>N\u00e9meth fragte Agramunt nach den M\u00f6glichkeiten eines interreligi\u00f6sen Dialogs innerhalb des Europarats. Der Pr\u00e4sident sagte, der Rat pr\u00fcfe die Schaffung einer Plattform, die sich f\u00fcr solche Beziehungen einsetzt. Er sagte, das Problem sei nicht die Existenz verschiedener Religionen, sondern vielmehr die Verlagerung hin zum Extremismus innerhalb einiger von ihnen.<\/p>\n<p>Attila Mesterh\u00e1zy von der Sozialistischen Partei fragte den PACE-Pr\u00e4sidenten nach Trends bei der Achtung der Menschenrechte in den Mitgliedsstaaten des Rates. Agramunt sagte, eine Reihe von L\u00e4ndern, darunter auch westeurop\u00e4ische, h\u00e4tten k\u00fcrzlich Ma\u00dfnahmen umgesetzt, die gegen die Grunds\u00e4tze der Demokratie versto\u00dfen.<\/p>\n<p><em>Foto: MTI<\/em><\/p>\n","protected":false},"excerpt":{"rendered":"<p>Budapest, 5. April (MTI) 6 Die L\u00f6sung der Migrationskrise in Europa erfordert eine Solidarit\u00e4tsbekundung aller L\u00e4nder des Kontinents, sagte der Pr\u00e4sident der Parlamentarischen Versammlung des Europarats (PACE) am Dienstag dem Ausschuss f\u00fcr ausw\u00e4rtige Angelegenheiten des Parlaments. Pedro Agramunt sagte, dass jeder, der nach Europa kommt, die gleichen Rechte habe wie europ\u00e4ische B\u00fcrger. Die aktuelle Migrationskrise [&hellip;]<\/p>\n","protected":false},"author":2,"featured_media":759436,"comment_status":"open","ping_status":"open","sticky":false,"template":"","format":"standard","meta":{"_acf_changed":false,"_display_image":"","footnotes":""},"categories":[1081],"tags":[1082,1445,1617],"class_list":["post-759435","post","type-post","status-publish","format-standard","has-post-thumbnail","hentry","category-politik","tag-europaische-union","tag-migration","tag-rat-von-europa"],"blocksy_meta":[],"acf":[],"author_username":"alk","telegram_post":"","public_post_metadata":{"breaking_news":"","important":"","csempe":"","center_tile":"","disable_thumbnail":"","target_lang":"","_featured_image_style":"","telegram_post":"","_xlat_group_id":""},"public_rank_math_data":{"title":"%title% %sep% %sitename%","description":"","focus_keyword":"","canonical_url":"","robots":"","primary_category":"1081","breadcrumb_title":"","facebook_title":"","facebook_description":"","facebook_image":"","facebook_image_id":"","twitter_title":"","twitter_description":"","twitter_image":"","twitter_image_id":"","twitter_card_type":"","twitter_use_facebook":"","advanced_robots":"","pillar_content":"","seo_score":"","contentai_score":"","rich_snippet":""},"_links":{"self":[{"href":"https:\/\/dailynewshungary.com\/de\/wp-json\/wp\/v2\/posts\/759435","targetHints":{"allow":["GET"]}}],"collection":[{"href":"https:\/\/dailynewshungary.com\/de\/wp-json\/wp\/v2\/posts"}],"about":[{"href":"https:\/\/dailynewshungary.com\/de\/wp-json\/wp\/v2\/types\/post"}],"author":[{"embeddable":true,"href":"https:\/\/dailynewshungary.com\/de\/wp-json\/wp\/v2\/users\/2"}],"replies":[{"embeddable":true,"href":"https:\/\/dailynewshungary.com\/de\/wp-json\/wp\/v2\/comments?post=759435"}],"version-history":[{"count":0,"href":"https:\/\/dailynewshungary.com\/de\/wp-json\/wp\/v2\/posts\/759435\/revisions"}],"wp:featuredmedia":[{"embeddable":true,"href":"https:\/\/dailynewshungary.com\/de\/wp-json\/wp\/v2\/media\/759436"}],"wp:attachment":[{"href":"https:\/\/dailynewshungary.com\/de\/wp-json\/wp\/v2\/media?parent=759435"}],"wp:term":[{"taxonomy":"category","embeddable":true,"href":"https:\/\/dailynewshungary.com\/de\/wp-json\/wp\/v2\/categories?post=759435"},{"taxonomy":"post_tag","embeddable":true,"href":"https:\/\/dailynewshungary.com\/de\/wp-json\/wp\/v2\/tags?post=759435"}],"curies":[{"name":"wp","href":"https:\/\/api.w.org\/{rel}","templated":true}]}}