{"id":759474,"date":"2016-04-04T12:17:12","date_gmt":"2016-04-04T10:17:12","guid":{"rendered":"https:\/\/dailynewshungary.com\/de\/eu-turkei-abkommen-hat-illegale-migration-nicht-zum-erliegen-gebracht-sagt-der-sicherheitsberater-von-premierminister\/"},"modified":"2016-04-04T12:17:12","modified_gmt":"2016-04-04T10:17:12","slug":"eu-turkei-abkommen-hat-illegale-migration-nicht-zum-erliegen-gebracht-sagt-der-sicherheitsberater-von-premierminister","status":"publish","type":"post","link":"https:\/\/dailynewshungary.com\/de\/eu-turkei-abkommen-hat-illegale-migration-nicht-zum-erliegen-gebracht-sagt-der-sicherheitsberater-von-premierminister\/","title":{"rendered":"EU-T\u00fcrkei-Abkommen hat illegale Migration nicht zum Erliegen gebracht, sagt der Sicherheitsberater von Premierminister"},"content":{"rendered":"<p><strong>Budapest, 4. April (MTI) \u2013 Die Umsetzung des Abkommens zwischen der Europ\u00e4ischen Union und der T\u00fcrkei zur Verhinderung illegaler Migration hat die illegale Migration nicht zum Erliegen gebracht und bietet keine L\u00f6sung f\u00fcr das Problem, sagte der Sicherheitsberater des Premierministers am Montag.<\/strong><\/p>\n<p>Gy\u00f6rgy Bakondi sagte dem \u00f6ffentlich-rechtlichen Fernsehen M1, es sei wahrscheinlich, dass die \u00fcbliche Balkanroute f\u00fcr Migranten endg\u00fcltig abgeriegelt sei, aber eine neue Route entstehen w\u00fcrde. Er sagte, Informationen deuteten darauf hin, dass Menschenschmuggler nun Migranten in Richtung Albanien oder Italien bringen w\u00fcrden.<\/p>\n<p>Unterdessen \u00e4u\u00dferte sich Bakondi in einem separaten Interview mit dem \u00f6ffentlichen Radio dazu <a href=\"https:\/\/dailynewshungary.com\/de\/angriff-auf-regierungsserver-hochorganisiert-sagt-chefsicherheitsberater\/\" target=\"_blank\">Der j\u00fcngste Angriff auf ungarische Server<\/a>, mit der Begr\u00fcndung, eine Untersuchung sei noch nicht abgeschlossen Er stellte fest, dass das IT-Netzwerk der Regierung an einem einzigen Tag 62.000 Denial-of-Service-Angriffe (DoS) erhalten habe.<\/p>\n<p><em>Foto: MTI<\/em><\/p>\n","protected":false},"excerpt":{"rendered":"<p>Budapest, 4. April (MTI) \u2013 Die Umsetzung des Abkommens zwischen der Europ\u00e4ischen Union und der T\u00fcrkei zur Verhinderung illegaler Migration hat die illegale Migration nicht zum Erliegen gebracht und bietet keine L\u00f6sung f\u00fcr das Problem, sagte der Sicherheitsberater des Premierministers am Montag. Gy\u00f6rgy Bakondi sagte dem \u00f6ffentlich-rechtlichen Fernsehen M1, es sei wahrscheinlich, dass die \u00fcbliche [&hellip;]<\/p>\n","protected":false},"author":2,"featured_media":759475,"comment_status":"open","ping_status":"open","sticky":false,"template":"","format":"standard","meta":{"_acf_changed":false,"_display_image":"","footnotes":""},"categories":[1081],"tags":[1082,1445,1200],"class_list":["post-759474","post","type-post","status-publish","format-standard","has-post-thumbnail","hentry","category-politik","tag-europaische-union","tag-migration","tag-turkei"],"blocksy_meta":[],"acf":[],"author_username":"alk","telegram_post":"","public_post_metadata":{"breaking_news":"","important":"","csempe":"","center_tile":"","disable_thumbnail":"","target_lang":"","_featured_image_style":"","telegram_post":"","_xlat_group_id":""},"public_rank_math_data":{"title":"%title% %sep% %sitename%","description":"","focus_keyword":"","canonical_url":"","robots":"","primary_category":"1081","breadcrumb_title":"","facebook_title":"","facebook_description":"","facebook_image":"","facebook_image_id":"","twitter_title":"","twitter_description":"","twitter_image":"","twitter_image_id":"","twitter_card_type":"","twitter_use_facebook":"","advanced_robots":"","pillar_content":"","seo_score":"","contentai_score":"","rich_snippet":""},"_links":{"self":[{"href":"https:\/\/dailynewshungary.com\/de\/wp-json\/wp\/v2\/posts\/759474","targetHints":{"allow":["GET"]}}],"collection":[{"href":"https:\/\/dailynewshungary.com\/de\/wp-json\/wp\/v2\/posts"}],"about":[{"href":"https:\/\/dailynewshungary.com\/de\/wp-json\/wp\/v2\/types\/post"}],"author":[{"embeddable":true,"href":"https:\/\/dailynewshungary.com\/de\/wp-json\/wp\/v2\/users\/2"}],"replies":[{"embeddable":true,"href":"https:\/\/dailynewshungary.com\/de\/wp-json\/wp\/v2\/comments?post=759474"}],"version-history":[{"count":0,"href":"https:\/\/dailynewshungary.com\/de\/wp-json\/wp\/v2\/posts\/759474\/revisions"}],"wp:featuredmedia":[{"embeddable":true,"href":"https:\/\/dailynewshungary.com\/de\/wp-json\/wp\/v2\/media\/759475"}],"wp:attachment":[{"href":"https:\/\/dailynewshungary.com\/de\/wp-json\/wp\/v2\/media?parent=759474"}],"wp:term":[{"taxonomy":"category","embeddable":true,"href":"https:\/\/dailynewshungary.com\/de\/wp-json\/wp\/v2\/categories?post=759474"},{"taxonomy":"post_tag","embeddable":true,"href":"https:\/\/dailynewshungary.com\/de\/wp-json\/wp\/v2\/tags?post=759474"}],"curies":[{"name":"wp","href":"https:\/\/api.w.org\/{rel}","templated":true}]}}