{"id":759495,"date":"2016-04-03T16:28:11","date_gmt":"2016-04-03T14:28:11","guid":{"rendered":"https:\/\/dailynewshungary.com\/de\/angriff-auf-regierungsserver-hochorganisiert-sagt-chefsicherheitsberater\/"},"modified":"2016-04-03T16:28:11","modified_gmt":"2016-04-03T14:28:11","slug":"angriff-auf-regierungsserver-hochorganisiert-sagt-chefsicherheitsberater","status":"publish","type":"post","link":"https:\/\/dailynewshungary.com\/de\/angriff-auf-regierungsserver-hochorganisiert-sagt-chefsicherheitsberater\/","title":{"rendered":"Angriff auf Regierungsserver hochorganisiert, sagt Chefsicherheitsberater"},"content":{"rendered":"<p><strong>Budapest, 3. April (MTI) \u2013 Die Angriffe auf die Informationstechnologiesysteme der Regierung seien hochorganisiert, sagte der oberste innenpolitische Sicherheitsberater des Premierministers am sp\u00e4ten Samstag.<\/strong><\/p>\n<p>Die Angreifer seien nicht identifiziert worden, aber die Datenbanken der Regierung seien gut gesch\u00fctzt, sagte Gy\u00f6rgy Bakondi dem \u00f6ffentlichen Nachrichtensender M1.<\/p>\n<p>Das teilte das Innenministerium am Samstag zuvor mit <a href=\"https:\/\/dailynewshungary.com\/de\/regierungs-it-netzwerk-von-auslandischen-servern-angegriffen\/\" target=\"_blank\">Das Informationstechnologienetz der ungarischen Regierung war wiederholt angegriffen worden<\/a> Von ausl\u00e4ndischen Servern in den vergangenen 24 Stunden Die Angriffe erfolgten in mehreren Wellen und im Bereich von Tausenden Die Regierung habe die notwendigen Ma\u00dfnahmen ergriffen und werde weiterhin alle Anstrengungen unternehmen, um das Netzwerk vor Angreifern zu sch\u00fctzen, teilte das Ministerium mit.<\/p>\n<p>Der nationale Sicherheitsausschuss des Parlaments werde den Angriff w\u00e4hrend der Sitzung am kommenden Mittwoch beraten, sagte der Ausschusschef am SonntagDas Innenministerium und die nationale Cybersicherheitseinrichtung werden gebeten, \u00fcber Einzelheiten der Angriffe und der ergriffenen Gegenma\u00dfnahmen zu informieren, sagte Zsolt Molnar.<\/p>\n<p>Der Internet-Experte Zolt\u00e1n Ormos sagte M1 am Sonntag, dass solche Angriffe, bei denen der Server aus der Ferne \u00fcberlastet wird, um ihn langsamer zu machen oder unzug\u00e4nglich zu werden, nicht zur Datenerfassung genutzt werden k\u00f6nnenEs ist ein einfaches Verfahren, das wahrscheinlich nur Propagandazwecken dientef\u00fcgte er hinzu.<\/p>\n","protected":false},"excerpt":{"rendered":"<p>Budapest, 3. April (MTI) \u2013 Die Angriffe auf die Informationstechnologiesysteme der Regierung seien hochorganisiert, sagte der oberste innenpolitische Sicherheitsberater des Premierministers am sp\u00e4ten Samstag. Die Angreifer seien nicht identifiziert worden, aber die Datenbanken der Regierung seien gut gesch\u00fctzt, sagte Gy\u00f6rgy Bakondi dem \u00f6ffentlichen Nachrichtensender M1. Das teilte das Innenministerium am Samstag zuvor mit Das Informationstechnologienetz [&hellip;]<\/p>\n","protected":false},"author":2,"featured_media":759496,"comment_status":"open","ping_status":"open","sticky":false,"template":"","format":"standard","meta":{"_acf_changed":false,"_display_image":"","footnotes":""},"categories":[1081],"tags":[1407],"class_list":["post-759495","post","type-post","status-publish","format-standard","has-post-thumbnail","hentry","category-politik","tag-es"],"blocksy_meta":[],"acf":[],"author_username":"alk","telegram_post":"","public_post_metadata":{"breaking_news":"","important":"","csempe":"","center_tile":"","disable_thumbnail":"","target_lang":"","_featured_image_style":"","telegram_post":"","_xlat_group_id":""},"public_rank_math_data":{"title":"%title% %sep% %sitename%","description":"","focus_keyword":"","canonical_url":"","robots":"","primary_category":"1081","breadcrumb_title":"","facebook_title":"","facebook_description":"","facebook_image":"","facebook_image_id":"","twitter_title":"","twitter_description":"","twitter_image":"","twitter_image_id":"","twitter_card_type":"","twitter_use_facebook":"","advanced_robots":"","pillar_content":"","seo_score":"","contentai_score":"","rich_snippet":""},"_links":{"self":[{"href":"https:\/\/dailynewshungary.com\/de\/wp-json\/wp\/v2\/posts\/759495","targetHints":{"allow":["GET"]}}],"collection":[{"href":"https:\/\/dailynewshungary.com\/de\/wp-json\/wp\/v2\/posts"}],"about":[{"href":"https:\/\/dailynewshungary.com\/de\/wp-json\/wp\/v2\/types\/post"}],"author":[{"embeddable":true,"href":"https:\/\/dailynewshungary.com\/de\/wp-json\/wp\/v2\/users\/2"}],"replies":[{"embeddable":true,"href":"https:\/\/dailynewshungary.com\/de\/wp-json\/wp\/v2\/comments?post=759495"}],"version-history":[{"count":0,"href":"https:\/\/dailynewshungary.com\/de\/wp-json\/wp\/v2\/posts\/759495\/revisions"}],"wp:featuredmedia":[{"embeddable":true,"href":"https:\/\/dailynewshungary.com\/de\/wp-json\/wp\/v2\/media\/759496"}],"wp:attachment":[{"href":"https:\/\/dailynewshungary.com\/de\/wp-json\/wp\/v2\/media?parent=759495"}],"wp:term":[{"taxonomy":"category","embeddable":true,"href":"https:\/\/dailynewshungary.com\/de\/wp-json\/wp\/v2\/categories?post=759495"},{"taxonomy":"post_tag","embeddable":true,"href":"https:\/\/dailynewshungary.com\/de\/wp-json\/wp\/v2\/tags?post=759495"}],"curies":[{"name":"wp","href":"https:\/\/api.w.org\/{rel}","templated":true}]}}