{"id":759546,"date":"2016-04-01T14:25:13","date_gmt":"2016-04-01T12:25:13","guid":{"rendered":"https:\/\/dailynewshungary.com\/de\/das-forum-das-gesetzgeber-aus-dem-karpatenbecken-vertritt-findet-in-budapest-statt\/"},"modified":"2016-04-01T14:25:13","modified_gmt":"2016-04-01T12:25:13","slug":"das-forum-das-gesetzgeber-aus-dem-karpatenbecken-vertritt-findet-in-budapest-statt","status":"publish","type":"post","link":"https:\/\/dailynewshungary.com\/de\/das-forum-das-gesetzgeber-aus-dem-karpatenbecken-vertritt-findet-in-budapest-statt\/","title":{"rendered":"Das Forum, das Gesetzgeber aus dem Karpatenbecken vertritt, findet in Budapest statt"},"content":{"rendered":"<p><strong>Budapest, 1. April (MTI) (Die Unterbringung ungarischer Arbeitnehmer im Karpatenbecken ist auf lange Sicht von entscheidender Bedeutung f\u00fcr die Region, sagte der Sprecher des Repr\u00e4sentantenhauses, L\u00e1szl\u00f3 K\u00f6v\u00e9r, auf der Plenarsitzung am Freitag im Forum, das Gesetzgeber aus dem Karpatenbecken (KMKF) in Budapest vertritt.<\/strong><\/p>\n<p>K\u00f6v\u00e9r sagte dem Forum, dass Arbeitsmigration kein ausschlie\u00dflich ungarisches Problem sei, und wies darauf hin, dass die Nachbarl\u00e4nder mit einem gr\u00f6\u00dferen Arbeitskr\u00e4ftemangel zu k\u00e4mpfen h\u00e4tten als Ungarn oder ungarische Diasporagemeinschaften.<\/p>\n<p>Ungarn werde seine Anstrengungen in den kommenden Jahren darauf konzentrieren m\u00fcssen, den Arbeitsmarkt so zu steuern, dass stabile Arbeitsumgebungen f\u00fcr alle Ungarn im Karpatenbecken geschaffen w\u00fcrden, sagte erDiese Strategie werde sicherstellen, dass die Ungarn nicht nur ein emotionales, sondern auch ein wirtschaftliches Interesse daran haben, in ihrer Heimat zu bleibenDie KMKF werde bei der Ausarbeitung dieser Strategie eine wichtige Rolle spielen, f\u00fcgte K\u00f6v\u00e9r hinzu.<\/p>\n<p>Der Redner des Hauses sagte, Ungarns F\u00e4higkeit, die Interessen seiner Politik f\u00fcr ungarische Gemeinschaften im Ausland umzusetzen, w\u00fcrde davon abh\u00e4ngen, ob das Land diese Politik vor \u201cpolitischen Gegnern\u201d sch\u00fctzen kann, die darauf abzielen, die internationale Gemeinschaft davon zu \u00fcberzeugen, dass Ungarns Diasporapolitik ein Risiko f\u00fcr die Stabilit\u00e4t des Karpatenbeckens darstellt. Im Moment scheint es, dass die politischen Gegner gewinnen, sagte er.<\/p>\n<p>Er sagte, der Erfolg der Diaspora-Politik werde auch davon abh\u00e4ngen, wie viel Schlachtfeld das Karpatenbecken zwischen den Interessen der Vereinigten Staaten und Russlands werden werdeDie Region werde ein Schlachtfeld bleiben, bis die Europ\u00e4ische Union beschlie\u00dft, dass sie eine Br\u00fccke zwischen dem euroatlantischen B\u00fcndnis und dem eurasischen politischen Pol im Gegensatz zu einer Barriere sein will, sagte er.<\/p>\n<p><em>Foto: MTI<\/em><\/p>\n","protected":false},"excerpt":{"rendered":"<p>Budapest, 1. April (MTI) (Die Unterbringung ungarischer Arbeitnehmer im Karpatenbecken ist auf lange Sicht von entscheidender Bedeutung f\u00fcr die Region, sagte der Sprecher des Repr\u00e4sentantenhauses, L\u00e1szl\u00f3 K\u00f6v\u00e9r, auf der Plenarsitzung am Freitag im Forum, das Gesetzgeber aus dem Karpatenbecken (KMKF) in Budapest vertritt. K\u00f6v\u00e9r sagte dem Forum, dass Arbeitsmigration kein ausschlie\u00dflich ungarisches Problem sei, und [&hellip;]<\/p>\n","protected":false},"author":2,"featured_media":759547,"comment_status":"open","ping_status":"open","sticky":false,"template":"","format":"standard","meta":{"_acf_changed":false,"_display_image":"","footnotes":""},"categories":[1081],"tags":[1465,3667,1746,1362,1199,1267,1425,1484,1173,1739,1092,1130],"class_list":["post-759546","post","type-post","status-publish","format-standard","has-post-thumbnail","hentry","category-politik","tag-austria","tag-ethnien","tag-hausredner","tag-karpatenbecken","tag-kroatien","tag-rechte","tag-rumanien","tag-serbien","tag-slowakei","tag-slowenien","tag-ukraine","tag-ungarn-im-ausland"],"blocksy_meta":[],"acf":[],"author_username":"alk","telegram_post":"","public_post_metadata":{"breaking_news":"","important":"","csempe":"","center_tile":"","disable_thumbnail":"","target_lang":"","_featured_image_style":"","telegram_post":"","_xlat_group_id":""},"public_rank_math_data":{"title":"%title% %sep% %sitename%","description":"","focus_keyword":"","canonical_url":"","robots":"","primary_category":"1081","breadcrumb_title":"","facebook_title":"","facebook_description":"","facebook_image":"","facebook_image_id":"","twitter_title":"","twitter_description":"","twitter_image":"","twitter_image_id":"","twitter_card_type":"","twitter_use_facebook":"","advanced_robots":"","pillar_content":"","seo_score":"","contentai_score":"","rich_snippet":""},"_links":{"self":[{"href":"https:\/\/dailynewshungary.com\/de\/wp-json\/wp\/v2\/posts\/759546","targetHints":{"allow":["GET"]}}],"collection":[{"href":"https:\/\/dailynewshungary.com\/de\/wp-json\/wp\/v2\/posts"}],"about":[{"href":"https:\/\/dailynewshungary.com\/de\/wp-json\/wp\/v2\/types\/post"}],"author":[{"embeddable":true,"href":"https:\/\/dailynewshungary.com\/de\/wp-json\/wp\/v2\/users\/2"}],"replies":[{"embeddable":true,"href":"https:\/\/dailynewshungary.com\/de\/wp-json\/wp\/v2\/comments?post=759546"}],"version-history":[{"count":0,"href":"https:\/\/dailynewshungary.com\/de\/wp-json\/wp\/v2\/posts\/759546\/revisions"}],"wp:featuredmedia":[{"embeddable":true,"href":"https:\/\/dailynewshungary.com\/de\/wp-json\/wp\/v2\/media\/759547"}],"wp:attachment":[{"href":"https:\/\/dailynewshungary.com\/de\/wp-json\/wp\/v2\/media?parent=759546"}],"wp:term":[{"taxonomy":"category","embeddable":true,"href":"https:\/\/dailynewshungary.com\/de\/wp-json\/wp\/v2\/categories?post=759546"},{"taxonomy":"post_tag","embeddable":true,"href":"https:\/\/dailynewshungary.com\/de\/wp-json\/wp\/v2\/tags?post=759546"}],"curies":[{"name":"wp","href":"https:\/\/api.w.org\/{rel}","templated":true}]}}