{"id":759556,"date":"2016-04-01T08:00:12","date_gmt":"2016-04-01T06:00:12","guid":{"rendered":"https:\/\/dailynewshungary.com\/de\/es-war-kein-zufall-dass-der-is-ungarn-in-seiner-jungsten-drohbotschaft-erwahnte\/"},"modified":"2016-04-01T08:00:12","modified_gmt":"2016-04-01T06:00:12","slug":"es-war-kein-zufall-dass-der-is-ungarn-in-seiner-jungsten-drohbotschaft-erwahnte","status":"publish","type":"post","link":"https:\/\/dailynewshungary.com\/de\/es-war-kein-zufall-dass-der-is-ungarn-in-seiner-jungsten-drohbotschaft-erwahnte\/","title":{"rendered":"Es war kein Zufall, dass der IS Ungarn in seiner j\u00fcngsten Drohbotschaft erw\u00e4hnte  \u00a0"},"content":{"rendered":"<p><strong>Wie Daily News Ungarn k\u00fcrzlich berichtete, hat ISIS vor ein paar Tagen in einer Nachricht \u00fcber soziale Medien mehrere L\u00e4nder bedroht und gesagt, \u201eHeute sind es Br\u00fcssel und sein Flughafen, aber morgen k\u00f6nnte es Portugal oder Ungarn sein.\u201c\u201eLaut Gy\u00f6rgy Bakondi nimmt die ungarische Regierung diese Drohung ernst und Geheimdienstquellen sagen, dass die Erw\u00e4hnung Ungarns nicht nur ein Zufall war, sondern auch <a href=\"http:\/\/nol.hu\/belfold\/nem-veletlenul-emlitette-nev-szerint-az-iszlam-allam-magyarorszagot-1608689\" target=\"_blank\" rel=\"noopener\">nol.hu<\/a> Schreibt. &nbsp;<\/strong><\/p>\n<p>ISIS hat k\u00fcrzlich in zwei Nachrichten \u00fcber soziale Medien Europa und die Vereinigten Staaten bedroht und erkl\u00e4rt, dass der Angriff in Br\u00fcssel nur der Beginn einer Invasion sei, die \u00fcber Europa und die Vereinigten Staaten erfolgen werde.<\/p>\n<p>Ob die Organisation Ungarn nur erw\u00e4hnt hat, um die Zahl der bedrohten L\u00e4nder zu verl\u00e4ngern, oder, falls sie wirklich planen, auch in Ungarn diverse Anschl\u00e4ge zu ver\u00fcben, ist noch unklar, allerdings wurde nol.hu von vertrauensw\u00fcrdigen Quellen dar\u00fcber informiert, dass der ungarische Geheimdienst an Informationen gelangt ist, die letzteres auch m\u00f6glich machen.<\/p>\n<p>Die Ank\u00fcndigung, die Gy\u00f6rgy Bakondi, oberster sicherheitspolitischer Berater des Premierministers, am Mittwoch gemacht hat, best\u00e4rkt diese BehauptungBakondi sagte, dass die Regierung die Botschaft des IS ernst nehme, sie analysiere und bewerte, wie jede andere Angelegenheit, die die innere Sicherheit betreffeBakondi forderte die Oppositionsparteien auch auf, allt\u00e4gliche politische Fragen beiseite zu legen und bei der L\u00f6sung der Angelegenheit zu helfen.<\/p>\n<p>Das Ministerium w\u00fcrde das Ende der 1990er Jahre gegr\u00fcndete Koordinierungszentrum gegen organisierte Kriminalit\u00e4t in das Analysezentrum f\u00fcr Terrorismusbek\u00e4mpfung und kriminalpolizeiliche Aufkl\u00e4rung (TIBEK) umwandeln, das in der \u00d6ffentlichkeit den Spitznamen \u201eAnti-Mafia-Zentrum\u201chat.<\/p>\n<p>Das Zentrum wurde zun\u00e4chst gegr\u00fcndet, um parallelen Ermittlungen ein Ende zu setzen, denn es kam vor, dass verschiedene Organisationen nach denselben kriminellen Organisationen suchten. TIBEK w\u00fcrde noch einen Schritt weiter gehen und nicht nur die Arbeit der Polizei und des Verfassungsschutzamtes koordinieren, sondern auch die Arbeit aller Ermittlungsbeh\u00f6rden.<\/p>\n<p>Ein gutes Beispiel daf\u00fcr, dass verschiedene Beh\u00f6rden nicht zusammenarbeiten, ist die Migrationswelle, die aus Rum\u00e4nien h\u00e4tte kommen sollen; Diese Informationen wurden jedoch nicht \u00fcberpr\u00fcft und es kamen keine Migranten aus der Region Temesv\u00e1r.<\/p>\n<p>L\u00e1szl\u00f3 Tasn\u00e1di, Staatsminister f\u00fcr Strafverfolgung des Innenministeriums, betonte, dass es in den 1970er Jahren zu solchen Anschuldigungen nicht gekommen sei, weil eine zentrale Datenbank vorhanden sei und f\u00fcr alle verf\u00fcgbar sei. Vertreter verschiedener Beh\u00f6rden gaben zu, dass \u201ees in Ungarn schwierig sein w\u00fcrde, um 2 Uhr morgens herauszufinden, was die Beh\u00f6rden \u00fcber eine Person wissen, die im Verdacht steht, ein Terrorist zu sein.\u201c\u201d Wenn es Daten \u00fcber den Verd\u00e4chtigen gibt, ist der Verantwortliche m\u00f6glicherweise nicht verf\u00fcgbar, aber selbst wenn er es ist, ist es unm\u00f6glich, Daten weiterzugeben, ohne die Erlaubnis seines Vorgesetzten einzuholen usw. Diese Hindernisse sollten von TIBEK beseitigt werden.<\/p>\n<p>Tasn\u00e1di sagte auch, dass die europ\u00e4ischen L\u00e4nder nicht zusammenarbeiten k\u00f6nnten, weil Geheimdienste eine nationale Angelegenheit seien, ohne ein gemeinsames Interesse. Es wurde auch offenbart, dass ungarische Geheimdienste nicht \u00fcber die Mittel und Kapazit\u00e4ten verf\u00fcgen, die Telefone und Computer jedes B\u00fcrgers zu \u00fcberwachen, und Terroristen und Kriminelle besser ausgestattet sind Dennoch m\u00f6chten Dienste beliebte Anwendungen \u00fcberwachen, die haupts\u00e4chlich von j\u00fcngeren Menschen zur Kommunikation in Echtzeit verwendet werden, aber alle Hersteller haben Nein gesagt.<\/p>\n<p>Viele haben die Pr\u00e4senz von TEK (Counter Terrorism Centre) in \u00f6ffentlichen Bereichen kritisiert, aber laut J\u00e1nos Hajdu, Generaldirektor von TEK, war die N\u00e4he der Beamten notwendig, sodass sie im Falle eines Terroranschlags in der N\u00e4he sein und sofort handeln sollten.<\/p>\n<p><em>Foto: MTI<\/em><\/p>\n<p>Editor kopieren: bm<\/p>\n","protected":false},"excerpt":{"rendered":"<p>Wie Daily News Ungarn k\u00fcrzlich berichtete, hat ISIS vor ein paar Tagen in einer Nachricht \u00fcber soziale Medien mehrere L\u00e4nder bedroht und gesagt, \u201eHeute sind es Br\u00fcssel und sein Flughafen, aber morgen k\u00f6nnte es Portugal oder Ungarn sein.\u201c\u201eLaut Gy\u00f6rgy Bakondi nimmt die ungarische Regierung diese Drohung ernst und Geheimdienstquellen sagen, dass die Erw\u00e4hnung Ungarns nicht [&hellip;]<\/p>\n","protected":false},"author":6,"featured_media":759557,"comment_status":"open","ping_status":"open","sticky":false,"template":"","format":"standard","meta":{"_acf_changed":false,"_display_image":"","footnotes":""},"categories":[1098],"tags":[1082,1236,1543],"class_list":["post-759556","post","type-post","status-publish","format-standard","has-post-thumbnail","hentry","category-gesellschaft","tag-europaische-union","tag-polizei","tag-terrorismus"],"blocksy_meta":[],"acf":[],"author_username":"audreys","telegram_post":"","public_post_metadata":{"breaking_news":"","important":"","csempe":"","center_tile":"","disable_thumbnail":"","target_lang":"","_featured_image_style":"","telegram_post":"","_xlat_group_id":""},"public_rank_math_data":{"title":"%title% %sep% %sitename%","description":"","focus_keyword":"","canonical_url":"","robots":"","primary_category":"1098","breadcrumb_title":"","facebook_title":"","facebook_description":"","facebook_image":"","facebook_image_id":"","twitter_title":"","twitter_description":"","twitter_image":"","twitter_image_id":"","twitter_card_type":"","twitter_use_facebook":"","advanced_robots":"","pillar_content":"","seo_score":"","contentai_score":"","rich_snippet":""},"_links":{"self":[{"href":"https:\/\/dailynewshungary.com\/de\/wp-json\/wp\/v2\/posts\/759556","targetHints":{"allow":["GET"]}}],"collection":[{"href":"https:\/\/dailynewshungary.com\/de\/wp-json\/wp\/v2\/posts"}],"about":[{"href":"https:\/\/dailynewshungary.com\/de\/wp-json\/wp\/v2\/types\/post"}],"author":[{"embeddable":true,"href":"https:\/\/dailynewshungary.com\/de\/wp-json\/wp\/v2\/users\/6"}],"replies":[{"embeddable":true,"href":"https:\/\/dailynewshungary.com\/de\/wp-json\/wp\/v2\/comments?post=759556"}],"version-history":[{"count":0,"href":"https:\/\/dailynewshungary.com\/de\/wp-json\/wp\/v2\/posts\/759556\/revisions"}],"wp:featuredmedia":[{"embeddable":true,"href":"https:\/\/dailynewshungary.com\/de\/wp-json\/wp\/v2\/media\/759557"}],"wp:attachment":[{"href":"https:\/\/dailynewshungary.com\/de\/wp-json\/wp\/v2\/media?parent=759556"}],"wp:term":[{"taxonomy":"category","embeddable":true,"href":"https:\/\/dailynewshungary.com\/de\/wp-json\/wp\/v2\/categories?post=759556"},{"taxonomy":"post_tag","embeddable":true,"href":"https:\/\/dailynewshungary.com\/de\/wp-json\/wp\/v2\/tags?post=759556"}],"curies":[{"name":"wp","href":"https:\/\/api.w.org\/{rel}","templated":true}]}}