{"id":759586,"date":"2016-03-31T10:00:02","date_gmt":"2016-03-31T08:00:02","guid":{"rendered":"https:\/\/dailynewshungary.com\/de\/ein-ungar-der-bei-dem-brusseler-anschlag-verletzt-wurde-braucht-keine-intensivpflege-mehr\/"},"modified":"2016-03-31T10:00:02","modified_gmt":"2016-03-31T08:00:02","slug":"ein-ungar-der-bei-dem-brusseler-anschlag-verletzt-wurde-braucht-keine-intensivpflege-mehr","status":"publish","type":"post","link":"https:\/\/dailynewshungary.com\/de\/ein-ungar-der-bei-dem-brusseler-anschlag-verletzt-wurde-braucht-keine-intensivpflege-mehr\/","title":{"rendered":"Ein Ungar, der bei dem Br\u00fcsseler Anschlag verletzt wurde, braucht keine Intensivpflege mehr"},"content":{"rendered":"<p><strong>Ein ungarischer Anwalt, P\u00e9ter N., der sich bei dem Anschlag in Br\u00fcssel verletzt hat, wurde k\u00fcrzlich von der Intensivstation entlassen und wird von seiner Frau unterst\u00fctzt <a href=\"http:\/\/www.blikk.hu\/aktualis\/kulfold\/kiengedtek-az-intenzivrol-a-brusszeli-merenyletek-magyar-serultjet\/m67bp2h\" target=\"_blank\" rel=\"noopener\">blikk.hu<\/a> Schreibt.<\/strong><\/p>\n<p>P\u00e9ter N. hat sich letzten Dienstag verletzt und musste intensivmedizinisch versorgt werden. Das Krankenhaus hat ihn k\u00fcrzlich auf eine andere Station verlegt, und sein Zustand verbessert sich von Tag zu Tag. Ein weiterer Ungar, der am Flughafen arbeitet, wurde ebenfalls verletzt.<\/p>\n<p>P\u00e9ter N. verletzte sich an der U-Bahn-Station, als er auf dem Weg zur St\u00e4ndigen Vertretung Ungarns in Br\u00fcssel war, wo er als Justizdiplomat arbeitet. Seine Rippen wurden bei der Explosion schwer verletzt und er hatte innere Blutungen. N. musste operiert werden und wurde mehrere Tage lang in ein medizinisch bedingtes Koma versetzt, aber sein Zustand scheint sich zu verbessern.<\/p>\n<p>P\u00e9ter N. wurde laut Bors k\u00fcrzlich von der Intensivstation entlassen, liegt aber immer noch im Krankenhaus, seine Frau Erika, die ebenfalls in Br\u00fcssel arbeitet, nahm sich eine Auszeit von ihrer Arbeit, um sich um ihren Mann k\u00fcmmern zu k\u00f6nnen.<\/p>\n<p>Editor kopieren: bm<\/p>\n","protected":false},"excerpt":{"rendered":"<p>Ein ungarischer Anwalt, P\u00e9ter N., der sich bei dem Anschlag in Br\u00fcssel verletzt hat, wurde k\u00fcrzlich von der Intensivstation entlassen und wird von seiner Frau unterst\u00fctzt blikk.hu Schreibt. P\u00e9ter N. hat sich letzten Dienstag verletzt und musste intensivmedizinisch versorgt werden. Das Krankenhaus hat ihn k\u00fcrzlich auf eine andere Station verlegt, und sein Zustand verbessert sich [&hellip;]<\/p>\n","protected":false},"author":6,"featured_media":759587,"comment_status":"open","ping_status":"open","sticky":false,"template":"","format":"standard","meta":{"_acf_changed":false,"_display_image":"","footnotes":""},"categories":[1098],"tags":[1082,1543],"class_list":["post-759586","post","type-post","status-publish","format-standard","has-post-thumbnail","hentry","category-gesellschaft","tag-europaische-union","tag-terrorismus"],"blocksy_meta":[],"acf":[],"author_username":"audreys","telegram_post":"","public_post_metadata":{"breaking_news":"","important":"","csempe":"","center_tile":"","disable_thumbnail":"","target_lang":"","_featured_image_style":"","telegram_post":"","_xlat_group_id":""},"public_rank_math_data":{"title":"%title% %sep% %sitename%","description":"","focus_keyword":"","canonical_url":"","robots":"","primary_category":"1098","breadcrumb_title":"","facebook_title":"","facebook_description":"","facebook_image":"","facebook_image_id":"","twitter_title":"","twitter_description":"","twitter_image":"","twitter_image_id":"","twitter_card_type":"","twitter_use_facebook":"","advanced_robots":"","pillar_content":"","seo_score":"","contentai_score":"","rich_snippet":""},"_links":{"self":[{"href":"https:\/\/dailynewshungary.com\/de\/wp-json\/wp\/v2\/posts\/759586","targetHints":{"allow":["GET"]}}],"collection":[{"href":"https:\/\/dailynewshungary.com\/de\/wp-json\/wp\/v2\/posts"}],"about":[{"href":"https:\/\/dailynewshungary.com\/de\/wp-json\/wp\/v2\/types\/post"}],"author":[{"embeddable":true,"href":"https:\/\/dailynewshungary.com\/de\/wp-json\/wp\/v2\/users\/6"}],"replies":[{"embeddable":true,"href":"https:\/\/dailynewshungary.com\/de\/wp-json\/wp\/v2\/comments?post=759586"}],"version-history":[{"count":0,"href":"https:\/\/dailynewshungary.com\/de\/wp-json\/wp\/v2\/posts\/759586\/revisions"}],"wp:featuredmedia":[{"embeddable":true,"href":"https:\/\/dailynewshungary.com\/de\/wp-json\/wp\/v2\/media\/759587"}],"wp:attachment":[{"href":"https:\/\/dailynewshungary.com\/de\/wp-json\/wp\/v2\/media?parent=759586"}],"wp:term":[{"taxonomy":"category","embeddable":true,"href":"https:\/\/dailynewshungary.com\/de\/wp-json\/wp\/v2\/categories?post=759586"},{"taxonomy":"post_tag","embeddable":true,"href":"https:\/\/dailynewshungary.com\/de\/wp-json\/wp\/v2\/tags?post=759586"}],"curies":[{"name":"wp","href":"https:\/\/api.w.org\/{rel}","templated":true}]}}