{"id":759631,"date":"2016-03-29T20:00:42","date_gmt":"2016-03-29T18:00:42","guid":{"rendered":"https:\/\/dailynewshungary.com\/de\/der-flugverkehr-budapest-brussel-ruhte-noch\/"},"modified":"2016-03-29T20:00:42","modified_gmt":"2016-03-29T18:00:42","slug":"der-flugverkehr-budapest-brussel-ruhte-noch","status":"publish","type":"post","link":"https:\/\/dailynewshungary.com\/de\/der-flugverkehr-budapest-brussel-ruhte-noch\/","title":{"rendered":"Der Flugverkehr Budapest-Br\u00fcssel ruhte noch"},"content":{"rendered":"<p><strong>Budapest, 29. M\u00e4rz (MTI) \u2013 Ein Sprecher des Budapester Flughafens sagte am Dienstag, dass der kommerzielle Flugverkehr zwischen Budapest und dem Br\u00fcsseler Flughafen Zaventem immer noch eingestellt sei und von den belgischen Kollegen keine offiziellen Informationen dar\u00fcber verf\u00fcgbar seien, wann er wieder aufgenommen werden k\u00f6nne.<\/strong><\/p>\n<p>Brussels Airlines hat nach den Bombenanschl\u00e4gen in der belgischen Hauptstadt letzte Woche Fl\u00fcge nach Budapest eingestellt.<\/p>\n<p>Sprecher Mih\u00e1ly Hardy sagte, es gebe derzeit keine Pl\u00e4ne, die Fl\u00fcge zwischen Budapest und Br\u00fcssel am Mittwoch wieder aufzunehmen, und f\u00fcgte gleichzeitig hinzu, dass sich die Pl\u00e4ne noch \u00e4ndern k\u00f6nnten.<\/p>\n<p>Die Billigfluggesellschaften Wizz Air und Ryanair werden jedoch weiterhin planm\u00e4\u00dfig Fl\u00fcge zwischen dem Flughafen Budapest Liszt Ferenc und dem Flughafen Br\u00fcssel-S\u00fcd-Charleroi durchf\u00fchren, sagte er.<\/p>\n<p>Arnaud Feist, CEO des Flughafens Zaventem, sagte gegen\u00fcber belgischen \u00f6ffentlichen Medien, dass der Flughafen fr\u00fchestens am Mittwoch sehr begrenzte Dienste wieder aufnehmen k\u00f6nne. Eine Reihe von Tests deutete darauf hin, dass der Flughafen etwa 20 Prozent seiner Dienste wieder aufnehmen k\u00f6nne, sagte er.<\/p>\n","protected":false},"excerpt":{"rendered":"<p>Budapest, 29. M\u00e4rz (MTI) \u2013 Ein Sprecher des Budapester Flughafens sagte am Dienstag, dass der kommerzielle Flugverkehr zwischen Budapest und dem Br\u00fcsseler Flughafen Zaventem immer noch eingestellt sei und von den belgischen Kollegen keine offiziellen Informationen dar\u00fcber verf\u00fcgbar seien, wann er wieder aufgenommen werden k\u00f6nne. Brussels Airlines hat nach den Bombenanschl\u00e4gen in der belgischen Hauptstadt [&hellip;]<\/p>\n","protected":false},"author":2,"featured_media":759632,"comment_status":"open","ping_status":"open","sticky":false,"template":"","format":"standard","meta":{"_acf_changed":false,"_display_image":"","footnotes":""},"categories":[1281],"tags":[1082,1115,1543],"class_list":["post-759631","post","type-post","status-publish","format-standard","has-post-thumbnail","hentry","category-geschaft","tag-europaische-union","tag-flughafen","tag-terrorismus"],"blocksy_meta":[],"acf":[],"author_username":"alk","telegram_post":"","public_post_metadata":{"breaking_news":"","important":"","csempe":"","center_tile":"","disable_thumbnail":"","target_lang":"","_featured_image_style":"","telegram_post":"","_xlat_group_id":""},"public_rank_math_data":{"title":"%title% %sep% %sitename%","description":"","focus_keyword":"","canonical_url":"","robots":"","primary_category":"1281","breadcrumb_title":"","facebook_title":"","facebook_description":"","facebook_image":"","facebook_image_id":"","twitter_title":"","twitter_description":"","twitter_image":"","twitter_image_id":"","twitter_card_type":"","twitter_use_facebook":"","advanced_robots":"","pillar_content":"","seo_score":"","contentai_score":"","rich_snippet":""},"_links":{"self":[{"href":"https:\/\/dailynewshungary.com\/de\/wp-json\/wp\/v2\/posts\/759631","targetHints":{"allow":["GET"]}}],"collection":[{"href":"https:\/\/dailynewshungary.com\/de\/wp-json\/wp\/v2\/posts"}],"about":[{"href":"https:\/\/dailynewshungary.com\/de\/wp-json\/wp\/v2\/types\/post"}],"author":[{"embeddable":true,"href":"https:\/\/dailynewshungary.com\/de\/wp-json\/wp\/v2\/users\/2"}],"replies":[{"embeddable":true,"href":"https:\/\/dailynewshungary.com\/de\/wp-json\/wp\/v2\/comments?post=759631"}],"version-history":[{"count":0,"href":"https:\/\/dailynewshungary.com\/de\/wp-json\/wp\/v2\/posts\/759631\/revisions"}],"wp:featuredmedia":[{"embeddable":true,"href":"https:\/\/dailynewshungary.com\/de\/wp-json\/wp\/v2\/media\/759632"}],"wp:attachment":[{"href":"https:\/\/dailynewshungary.com\/de\/wp-json\/wp\/v2\/media?parent=759631"}],"wp:term":[{"taxonomy":"category","embeddable":true,"href":"https:\/\/dailynewshungary.com\/de\/wp-json\/wp\/v2\/categories?post=759631"},{"taxonomy":"post_tag","embeddable":true,"href":"https:\/\/dailynewshungary.com\/de\/wp-json\/wp\/v2\/tags?post=759631"}],"curies":[{"name":"wp","href":"https:\/\/api.w.org\/{rel}","templated":true}]}}