{"id":759706,"date":"2016-03-25T21:00:36","date_gmt":"2016-03-25T20:00:36","guid":{"rendered":"https:\/\/dailynewshungary.com\/de\/lmp-fordert-orban-auf-auf-dem-gipfel-ein-veto-gegen-das-freihandelsabkommen-zwischen-der-eu-und-kanada-einzulegen\/"},"modified":"2016-03-25T21:00:36","modified_gmt":"2016-03-25T20:00:36","slug":"lmp-fordert-orban-auf-auf-dem-gipfel-ein-veto-gegen-das-freihandelsabkommen-zwischen-der-eu-und-kanada-einzulegen","status":"publish","type":"post","link":"https:\/\/dailynewshungary.com\/de\/lmp-fordert-orban-auf-auf-dem-gipfel-ein-veto-gegen-das-freihandelsabkommen-zwischen-der-eu-und-kanada-einzulegen\/","title":{"rendered":"LMP fordert Orb\u00e1n auf, auf dem Gipfel ein Veto gegen das Freihandelsabkommen zwischen der EU und Kanada einzulegen"},"content":{"rendered":"<p><strong>Budapest, 25. M\u00e4rz (MTI) \u2013 Der Co-Vorsitzende der gr\u00fcnen Oppositionspartei LMP sagte, er werde dem Parlament einen Resolutionsvorschlag vorlegen, um den Premierminister zu verpflichten, beim n\u00e4chsten Pakt ein Veto gegen das CETA-Freihandelsabkommen zwischen der Europ\u00e4ischen Union und Kanada einzulegen auf der Tagesordnung eines EU-Gipfels.<\/strong><\/p>\n<p>Andr\u00e1s Schiffer sagte am Freitag auf einer Pressekonferenz, sein Vorschlag werde der Regierung verbieten, Freihandelsabkommen zu unterst\u00fctzen, deren Auswirkungen sch\u00e4dlich f\u00fcr die Umwelt, die \u00f6ffentliche Gesundheit, die Lebensmittelsicherheit, die Menschenrechte oder die Arbeitnehmerrechte w\u00e4ren, Auch die Unterzeichnung von Vereinbarungen mit \u201cantidemokratischen\u201d Streitbeilegungsklauseln w\u00e4re verboten.<\/p>\n<p>Dem Vorschlag zufolge w\u00e4re es der Regierung nicht einmal gestattet, solche Vereinbarungen ohne Zustimmung des Parlaments f\u00fcr einen begrenzten Zeitraum in Kraft zu setzen.<\/p>\n<p>Schiffer betonte, dass sich der Vorschlag nicht nur auf CETA, sondern auch auf die TTIP- und TISA-Abkommen zwischen der EU und den USA beziehen w\u00fcrde, und argumentierte, dass alle Klauseln, die in CETA Eingang finden, zwangsl\u00e4ufig auch in die anderen Abkommen aufgenommen werden m\u00fcssten. Er sagte, CETA zerst\u00f6re viele der strengen Gesundheits-, Umwelt- und Arbeitsvorschriften der EU, die die Rechte der B\u00fcrger sch\u00fctzen sollen.<\/p>\n<p>Sollte der Text von CETA in ungarisches Recht unterzeichnet werden, w\u00fcrden sowohl das Land als auch die EU \u201cagroterroristischen multinationalen Unternehmen zum Opfer fallen\u201d, sagte SchifferUngarn k\u00f6nnte sich von seinem GVO-freien Status verabschieden, wenn der EU-Kanada-Deal umgesetzt wird, f\u00fcgte er hinzu.<\/p>\n","protected":false},"excerpt":{"rendered":"<p>Budapest, 25. M\u00e4rz (MTI) \u2013 Der Co-Vorsitzende der gr\u00fcnen Oppositionspartei LMP sagte, er werde dem Parlament einen Resolutionsvorschlag vorlegen, um den Premierminister zu verpflichten, beim n\u00e4chsten Pakt ein Veto gegen das CETA-Freihandelsabkommen zwischen der Europ\u00e4ischen Union und Kanada einzulegen auf der Tagesordnung eines EU-Gipfels. Andr\u00e1s Schiffer sagte am Freitag auf einer Pressekonferenz, sein Vorschlag werde [&hellip;]<\/p>\n","protected":false},"author":2,"featured_media":759707,"comment_status":"open","ping_status":"open","sticky":false,"template":"","format":"standard","meta":{"_acf_changed":false,"_display_image":"","footnotes":""},"categories":[1281],"tags":[1082,1689,1873,1128],"class_list":["post-759706","post","type-post","status-publish","format-standard","has-post-thumbnail","hentry","category-geschaft","tag-europaische-union","tag-kanada","tag-lmp","tag-viktor-orban"],"blocksy_meta":[],"acf":[],"author_username":"alk","telegram_post":"","public_post_metadata":{"breaking_news":"","important":"","csempe":"","center_tile":"","disable_thumbnail":"","target_lang":"","_featured_image_style":"","telegram_post":"","_xlat_group_id":""},"public_rank_math_data":{"title":"%title% %sep% %sitename%","description":"","focus_keyword":"","canonical_url":"","robots":"","primary_category":"1281","breadcrumb_title":"","facebook_title":"","facebook_description":"","facebook_image":"","facebook_image_id":"","twitter_title":"","twitter_description":"","twitter_image":"","twitter_image_id":"","twitter_card_type":"","twitter_use_facebook":"","advanced_robots":"","pillar_content":"","seo_score":"","contentai_score":"","rich_snippet":""},"_links":{"self":[{"href":"https:\/\/dailynewshungary.com\/de\/wp-json\/wp\/v2\/posts\/759706","targetHints":{"allow":["GET"]}}],"collection":[{"href":"https:\/\/dailynewshungary.com\/de\/wp-json\/wp\/v2\/posts"}],"about":[{"href":"https:\/\/dailynewshungary.com\/de\/wp-json\/wp\/v2\/types\/post"}],"author":[{"embeddable":true,"href":"https:\/\/dailynewshungary.com\/de\/wp-json\/wp\/v2\/users\/2"}],"replies":[{"embeddable":true,"href":"https:\/\/dailynewshungary.com\/de\/wp-json\/wp\/v2\/comments?post=759706"}],"version-history":[{"count":0,"href":"https:\/\/dailynewshungary.com\/de\/wp-json\/wp\/v2\/posts\/759706\/revisions"}],"wp:featuredmedia":[{"embeddable":true,"href":"https:\/\/dailynewshungary.com\/de\/wp-json\/wp\/v2\/media\/759707"}],"wp:attachment":[{"href":"https:\/\/dailynewshungary.com\/de\/wp-json\/wp\/v2\/media?parent=759706"}],"wp:term":[{"taxonomy":"category","embeddable":true,"href":"https:\/\/dailynewshungary.com\/de\/wp-json\/wp\/v2\/categories?post=759706"},{"taxonomy":"post_tag","embeddable":true,"href":"https:\/\/dailynewshungary.com\/de\/wp-json\/wp\/v2\/tags?post=759706"}],"curies":[{"name":"wp","href":"https:\/\/api.w.org\/{rel}","templated":true}]}}