{"id":759714,"date":"2016-03-25T16:30:17","date_gmt":"2016-03-25T15:30:17","guid":{"rendered":"https:\/\/dailynewshungary.com\/de\/ungarn-verpflichtete-sich-zu-eu-quotenklage\/"},"modified":"2016-03-25T16:30:17","modified_gmt":"2016-03-25T15:30:17","slug":"ungarn-verpflichtete-sich-zu-eu-quotenklage","status":"publish","type":"post","link":"https:\/\/dailynewshungary.com\/de\/ungarn-verpflichtete-sich-zu-eu-quotenklage\/","title":{"rendered":"Ungarn verpflichtete sich zu EU-Quotenklage"},"content":{"rendered":"<p><strong>Budapest, 25. M\u00e4rz (MTI) \u201eUngarn ist entschlossen, seine Klage gegen die obligatorischen EU-Migrantenquoten fortzusetzen, sagte ein Regierungsbeamter am Freitag.<\/strong><\/p>\n<p>Die Frist f\u00fcr andere EU-Mitgliedstaaten und die Europ\u00e4ische Kommission, in dem Fall einzugreifen, den Ungarn am 3. Dezember beim Europ\u00e4ischen Gerichtshof gegen die Entscheidung der EU zur Quotenregelung im September letzten Jahres eingereicht hatte, lief am Donnerstag um Mitternacht ab, sagte Justizminister Staatssekret\u00e4r P\u00e1l Volner auf einer Pressekonferenz.<\/p>\n<p>Die Klage habe bisher die Umsetzung der obligatorischen Quotenregelung verhindert, sagte VolnerEs ist bereits klar, dass die Regelung in der Praxis nicht funktionieren w\u00fcrdef\u00fcgte er hinzu.<\/p>\n<p>Er warnte vor der Einf\u00fchrung nicht durchsetzbarer Gesetze und sagte, die Quotenregelung stehe im Widerspruch zum V\u00f6lkerrecht, da die \u00dcbernehmer darin nicht konsultiert w\u00fcrden.<\/p>\n<p><em>Foto: MTI<\/em><\/p>\n","protected":false},"excerpt":{"rendered":"<p>Budapest, 25. M\u00e4rz (MTI) \u201eUngarn ist entschlossen, seine Klage gegen die obligatorischen EU-Migrantenquoten fortzusetzen, sagte ein Regierungsbeamter am Freitag. Die Frist f\u00fcr andere EU-Mitgliedstaaten und die Europ\u00e4ische Kommission, in dem Fall einzugreifen, den Ungarn am 3. Dezember beim Europ\u00e4ischen Gerichtshof gegen die Entscheidung der EU zur Quotenregelung im September letzten Jahres eingereicht hatte, lief am [&hellip;]<\/p>\n","protected":false},"author":2,"featured_media":759715,"comment_status":"open","ping_status":"open","sticky":false,"template":"","format":"standard","meta":{"_acf_changed":false,"_display_image":"","footnotes":""},"categories":[1081],"tags":[1082,1871,1445],"class_list":["post-759714","post","type-post","status-publish","format-standard","has-post-thumbnail","hentry","category-politik","tag-europaische-union","tag-migrantenquoten","tag-migration"],"blocksy_meta":[],"acf":[],"author_username":"alk","telegram_post":"","public_post_metadata":{"breaking_news":"","important":"","csempe":"","center_tile":"","disable_thumbnail":"","target_lang":"","_featured_image_style":"","telegram_post":"","_xlat_group_id":""},"public_rank_math_data":{"title":"%title% %sep% %sitename%","description":"","focus_keyword":"","canonical_url":"","robots":"","primary_category":"1081","breadcrumb_title":"","facebook_title":"","facebook_description":"","facebook_image":"","facebook_image_id":"","twitter_title":"","twitter_description":"","twitter_image":"","twitter_image_id":"","twitter_card_type":"","twitter_use_facebook":"","advanced_robots":"","pillar_content":"","seo_score":"","contentai_score":"","rich_snippet":""},"_links":{"self":[{"href":"https:\/\/dailynewshungary.com\/de\/wp-json\/wp\/v2\/posts\/759714","targetHints":{"allow":["GET"]}}],"collection":[{"href":"https:\/\/dailynewshungary.com\/de\/wp-json\/wp\/v2\/posts"}],"about":[{"href":"https:\/\/dailynewshungary.com\/de\/wp-json\/wp\/v2\/types\/post"}],"author":[{"embeddable":true,"href":"https:\/\/dailynewshungary.com\/de\/wp-json\/wp\/v2\/users\/2"}],"replies":[{"embeddable":true,"href":"https:\/\/dailynewshungary.com\/de\/wp-json\/wp\/v2\/comments?post=759714"}],"version-history":[{"count":0,"href":"https:\/\/dailynewshungary.com\/de\/wp-json\/wp\/v2\/posts\/759714\/revisions"}],"wp:featuredmedia":[{"embeddable":true,"href":"https:\/\/dailynewshungary.com\/de\/wp-json\/wp\/v2\/media\/759715"}],"wp:attachment":[{"href":"https:\/\/dailynewshungary.com\/de\/wp-json\/wp\/v2\/media?parent=759714"}],"wp:term":[{"taxonomy":"category","embeddable":true,"href":"https:\/\/dailynewshungary.com\/de\/wp-json\/wp\/v2\/categories?post=759714"},{"taxonomy":"post_tag","embeddable":true,"href":"https:\/\/dailynewshungary.com\/de\/wp-json\/wp\/v2\/tags?post=759714"}],"curies":[{"name":"wp","href":"https:\/\/api.w.org\/{rel}","templated":true}]}}