{"id":759742,"date":"2016-03-24T16:30:13","date_gmt":"2016-03-24T15:30:13","guid":{"rendered":"https:\/\/dailynewshungary.com\/de\/ungarns-ausenminister-brusseler-anschlagsbotschaft-an-eu\/"},"modified":"2016-03-24T16:30:13","modified_gmt":"2016-03-24T15:30:13","slug":"ungarns-ausenminister-brusseler-anschlagsbotschaft-an-eu","status":"publish","type":"post","link":"https:\/\/dailynewshungary.com\/de\/ungarns-ausenminister-brusseler-anschlagsbotschaft-an-eu\/","title":{"rendered":"Ungarns Au\u00dfenminister: Br\u00fcsseler Anschlagsbotschaft an EU"},"content":{"rendered":"<p><strong>Budapest, 24. M\u00e4rz (MTI) \u2013 Der Terroranschlag in Br\u00fcssel war als Botschaft nicht nur an die belgische Hauptstadt, sondern an die Europ\u00e4ische Union als Ganzes gedacht und verpflichtete die Regierung, alle Anstrengungen zu unternehmen, um die Sicherheit zu versch\u00e4rfen, sagte Ungarns Au\u00dfenminister am Donnerstag.<\/strong><\/p>\n<p><img loading=\"lazy\" decoding=\"async\" class=\"size-medium wp-image-25501 alignleft\" src=\"https:\/\/dailynewshungary.com\/wp-content\/uploads\/2015\/10\/szijjarto-peter-300x200.jpg\" alt=\"szijjarto peter\" width=\"300\" height=\"200\" srcset=\"https:\/\/contentf5.dailynewshungary.com\/wp-content\/uploads\/2015\/10\/szijjarto-peter-300x200.jpg 300w, https:\/\/contentf5.dailynewshungary.com\/wp-content\/uploads\/2015\/10\/szijjarto-peter.jpg 600w\" sizes=\"auto, (max-width: 300px) 100vw, 300px\">P\u00e9ter Szijj\u00e1rt\u00f3 sagte auf einer Pressekonferenz, dass die ungarische Regierung f\u00fcr die Sicherheit der Menschen verantwortlich sei und f\u00fcgte hinzu, dass alle Formen der Terrorismusbek\u00e4mpfung gerechtfertigt seien.<\/p>\n<p>Der Minister stellte fest, dass die belgischen Beh\u00f6rden noch nicht alle Opfer des Angriffs identifiziert h\u00e4tten Offizielle Quellen weisen immer noch darauf hin, dass bei den Explosionen nur zwei Ungarn verletzt wurden, f\u00fcgte er hinzu.<\/p>\n<p>Szijj\u00e1rt\u00f3 \u00e4u\u00dferte die Hoffnung, dass die Ereignisse in Br\u00fcssel eine \u201cern\u00fcchternde Wirkung\u201d auf die \u201chypokritische europ\u00e4ische Politik\u201d haben und zeigen werden, dass der unkontrollierte Zustrom von Migranten die Bedrohung durch den Terrorismus erh\u00f6ht und die \u00f6ffentliche Sicherheit verringert. Es muss auch erkannt werden, dass die Bem\u00fchungen zur Integration von Migranten, die in der Vergangenheit in Europa angekommen sind, oft gescheitert sind, f\u00fcgte er hinzu.<\/p>\n<blockquote>\n<p>\u201cWir wollen keine Parallelgesellschaften in Europa, in Gebieten, in die selbst die Polizei nicht eintreten will\u201d, sagte er.<\/p>\n<\/blockquote>\n<p>Szijj\u00e1rt\u00f3 sagte, der Informationsfluss zwischen den Diensten in Europa m\u00fcsse gestrafft werden. \u201eEine neue \u00c4ra hat begonnen, mit der Bedrohung durch den Terrorismus, \u201eder im Alltag bei uns lebt\u201cf\u00fcgte er hinzu.<\/p>\n<p><em>Foto: MTI<\/em><\/p>\n","protected":false},"excerpt":{"rendered":"<p>Budapest, 24. M\u00e4rz (MTI) \u2013 Der Terroranschlag in Br\u00fcssel war als Botschaft nicht nur an die belgische Hauptstadt, sondern an die Europ\u00e4ische Union als Ganzes gedacht und verpflichtete die Regierung, alle Anstrengungen zu unternehmen, um die Sicherheit zu versch\u00e4rfen, sagte Ungarns Au\u00dfenminister am Donnerstag. P\u00e9ter Szijj\u00e1rt\u00f3 sagte auf einer Pressekonferenz, dass die ungarische Regierung f\u00fcr [&hellip;]<\/p>\n","protected":false},"author":2,"featured_media":759743,"comment_status":"open","ping_status":"open","sticky":false,"template":"","format":"standard","meta":{"_acf_changed":false,"_display_image":"","footnotes":""},"categories":[1081],"tags":[1470,1082,1543],"class_list":["post-759742","post","type-post","status-publish","format-standard","has-post-thumbnail","hentry","category-politik","tag-ausenministerium-fur-ungarn","tag-europaische-union","tag-terrorismus"],"blocksy_meta":[],"acf":[],"author_username":"alk","telegram_post":"","public_post_metadata":{"breaking_news":"","important":"","csempe":"","center_tile":"","disable_thumbnail":"","target_lang":"","_featured_image_style":"","telegram_post":"","_xlat_group_id":""},"public_rank_math_data":{"title":"%title% %sep% %sitename%","description":"","focus_keyword":"","canonical_url":"","robots":"","primary_category":"1081","breadcrumb_title":"","facebook_title":"","facebook_description":"","facebook_image":"","facebook_image_id":"","twitter_title":"","twitter_description":"","twitter_image":"","twitter_image_id":"","twitter_card_type":"","twitter_use_facebook":"","advanced_robots":"","pillar_content":"","seo_score":"","contentai_score":"","rich_snippet":""},"_links":{"self":[{"href":"https:\/\/dailynewshungary.com\/de\/wp-json\/wp\/v2\/posts\/759742","targetHints":{"allow":["GET"]}}],"collection":[{"href":"https:\/\/dailynewshungary.com\/de\/wp-json\/wp\/v2\/posts"}],"about":[{"href":"https:\/\/dailynewshungary.com\/de\/wp-json\/wp\/v2\/types\/post"}],"author":[{"embeddable":true,"href":"https:\/\/dailynewshungary.com\/de\/wp-json\/wp\/v2\/users\/2"}],"replies":[{"embeddable":true,"href":"https:\/\/dailynewshungary.com\/de\/wp-json\/wp\/v2\/comments?post=759742"}],"version-history":[{"count":0,"href":"https:\/\/dailynewshungary.com\/de\/wp-json\/wp\/v2\/posts\/759742\/revisions"}],"wp:featuredmedia":[{"embeddable":true,"href":"https:\/\/dailynewshungary.com\/de\/wp-json\/wp\/v2\/media\/759743"}],"wp:attachment":[{"href":"https:\/\/dailynewshungary.com\/de\/wp-json\/wp\/v2\/media?parent=759742"}],"wp:term":[{"taxonomy":"category","embeddable":true,"href":"https:\/\/dailynewshungary.com\/de\/wp-json\/wp\/v2\/categories?post=759742"},{"taxonomy":"post_tag","embeddable":true,"href":"https:\/\/dailynewshungary.com\/de\/wp-json\/wp\/v2\/tags?post=759742"}],"curies":[{"name":"wp","href":"https:\/\/api.w.org\/{rel}","templated":true}]}}