{"id":759768,"date":"2016-03-23T19:00:01","date_gmt":"2016-03-23T18:00:01","guid":{"rendered":"https:\/\/dailynewshungary.com\/de\/szijjarto-weist-scharfe-kritik-des-ep-prasidenten-zuruck\/"},"modified":"2016-03-23T19:00:01","modified_gmt":"2016-03-23T18:00:01","slug":"szijjarto-weist-scharfe-kritik-des-ep-prasidenten-zuruck","status":"publish","type":"post","link":"https:\/\/dailynewshungary.com\/de\/szijjarto-weist-scharfe-kritik-des-ep-prasidenten-zuruck\/","title":{"rendered":"Szijj\u00e1rt\u00f3 weist scharfe Kritik des EP-Pr\u00e4sidenten zur\u00fcck"},"content":{"rendered":"<p><strong>Budapest, 23. M\u00e4rz (MTI) \u201eHinweis Ungarn\u201chat \u201edas Recht, seine Meinung zu \u00e4u\u00dfern\u201d, sagte der Au\u00dfenminister als Reaktion auf scharfe Bemerkungen von Pr\u00e4sident des Europ\u00e4ischen Parlaments Martin Schulz, der die Pl\u00e4ne der ungarischen Regierung kritisierte, ein Referendum \u00fcber Migrationsquoten abzuhalten.<\/strong><\/p>\n<p>In einem Interview am Mittwoch sagte Schulz, dass das Quotensystem darauf ausgelegt sei, die Last der Einwanderung gerecht auf die Gemeinschaft zu verteilen, und bedauerte, dass einige europ\u00e4ische Staats- und Regierungschefs das \u201cnicht begriffen\u201d h\u00e4tten. Solange \u201eLeute wie Viktor Orb\u00e1n\u201d, der ungarische Ministerpr\u00e4sident, sagen, dass die Migrationsfrage nur \u201eein Problem f\u00fcr Deutschland\u201cist, wird Europa damit nicht zurechtkommen, betonte Schulz\u201d Er sagte, dass die Pl\u00e4ne der ungarischen Regierung, ein Referendum dar\u00fcber abzuhalten, \u201eob 1.290 Fl\u00fcchtlinge aufgenommen werden sollen\u201d, \u201enicht nur absurd, sondern auch perfide\u201csagen\u201d.<\/p>\n<p>Als Reaktion darauf sagte Szijj\u00e1rt\u00f3, dass \u201cUngarn das Recht haben, zu entscheiden, mit wem sie zusammenleben wollen\u201d.<\/p>\n<p>Szijj\u00e1rt\u00f3 bezeichnete die Terroranschl\u00e4ge vom Dienstag in Br\u00fcssel als \u201cEchtheit tritt die T\u00fcr auf\u201d und schlug vor, dass Schulz \u201caus seinen Tr\u00e4umen erwachen\u201d und \u201cechte L\u00f6sungen suchen sollte, anstatt alberne Anschuldigungen zu erheben\u201d.<\/p>\n","protected":false},"excerpt":{"rendered":"<p>Budapest, 23. M\u00e4rz (MTI) \u201eHinweis Ungarn\u201chat \u201edas Recht, seine Meinung zu \u00e4u\u00dfern\u201d, sagte der Au\u00dfenminister als Reaktion auf scharfe Bemerkungen von Pr\u00e4sident des Europ\u00e4ischen Parlaments Martin Schulz, der die Pl\u00e4ne der ungarischen Regierung kritisierte, ein Referendum \u00fcber Migrationsquoten abzuhalten. In einem Interview am Mittwoch sagte Schulz, dass das Quotensystem darauf ausgelegt sei, die Last der [&hellip;]<\/p>\n","protected":false},"author":2,"featured_media":759769,"comment_status":"open","ping_status":"open","sticky":false,"template":"","format":"standard","meta":{"_acf_changed":false,"_display_image":"","footnotes":""},"categories":[1081],"tags":[1169,1082],"class_list":["post-759768","post","type-post","status-publish","format-standard","has-post-thumbnail","hentry","category-politik","tag-aussenministerium-von-ungarn","tag-europaische-union"],"blocksy_meta":[],"acf":[],"author_username":"alk","telegram_post":"","public_post_metadata":{"breaking_news":"","important":"","csempe":"","center_tile":"","disable_thumbnail":"","target_lang":"","_featured_image_style":"","telegram_post":"","_xlat_group_id":""},"public_rank_math_data":{"title":"%title% %sep% %sitename%","description":"","focus_keyword":"","canonical_url":"","robots":"","primary_category":"1081","breadcrumb_title":"","facebook_title":"","facebook_description":"","facebook_image":"","facebook_image_id":"","twitter_title":"","twitter_description":"","twitter_image":"","twitter_image_id":"","twitter_card_type":"","twitter_use_facebook":"","advanced_robots":"","pillar_content":"","seo_score":"","contentai_score":"","rich_snippet":""},"_links":{"self":[{"href":"https:\/\/dailynewshungary.com\/de\/wp-json\/wp\/v2\/posts\/759768","targetHints":{"allow":["GET"]}}],"collection":[{"href":"https:\/\/dailynewshungary.com\/de\/wp-json\/wp\/v2\/posts"}],"about":[{"href":"https:\/\/dailynewshungary.com\/de\/wp-json\/wp\/v2\/types\/post"}],"author":[{"embeddable":true,"href":"https:\/\/dailynewshungary.com\/de\/wp-json\/wp\/v2\/users\/2"}],"replies":[{"embeddable":true,"href":"https:\/\/dailynewshungary.com\/de\/wp-json\/wp\/v2\/comments?post=759768"}],"version-history":[{"count":0,"href":"https:\/\/dailynewshungary.com\/de\/wp-json\/wp\/v2\/posts\/759768\/revisions"}],"wp:featuredmedia":[{"embeddable":true,"href":"https:\/\/dailynewshungary.com\/de\/wp-json\/wp\/v2\/media\/759769"}],"wp:attachment":[{"href":"https:\/\/dailynewshungary.com\/de\/wp-json\/wp\/v2\/media?parent=759768"}],"wp:term":[{"taxonomy":"category","embeddable":true,"href":"https:\/\/dailynewshungary.com\/de\/wp-json\/wp\/v2\/categories?post=759768"},{"taxonomy":"post_tag","embeddable":true,"href":"https:\/\/dailynewshungary.com\/de\/wp-json\/wp\/v2\/tags?post=759768"}],"curies":[{"name":"wp","href":"https:\/\/api.w.org\/{rel}","templated":true}]}}