{"id":759796,"date":"2016-03-22T23:10:46","date_gmt":"2016-03-22T22:10:46","guid":{"rendered":"https:\/\/dailynewshungary.com\/de\/brusseler-angriffe-haben-mehrere-botschaften\/"},"modified":"2016-03-22T23:10:46","modified_gmt":"2016-03-22T22:10:46","slug":"brusseler-angriffe-haben-mehrere-botschaften","status":"publish","type":"post","link":"https:\/\/dailynewshungary.com\/de\/brusseler-angriffe-haben-mehrere-botschaften\/","title":{"rendered":"Br\u00fcsseler Angriffe haben mehrere Botschaften"},"content":{"rendered":"<p><strong>Budapest, 22. M\u00e4rz (MTI) \u2013 Die am Dienstag in Br\u00fcssel ver\u00fcbten Terroranschl\u00e4ge sollten mehrere Botschaften nach Europa senden, sagte J\u00f3zsef Kis-Benedek, au\u00dferordentlicher Professor an der National Public Services University, gegen\u00fcber MTI.<\/strong><\/p>\n<p>Kis-Benedek sagte, die Bombenanschl\u00e4ge, f\u00fcr die die militante Gruppe Islamischer Staat inzwischen die Verantwortung \u00fcbernommen habe, k\u00f6nnten als Angriff auf die westliche Zivilisation, die westliche Religion und die Europ\u00e4ische Union interpretiert werden.<\/p>\n<p>Der au\u00dferordentliche Professor sagte, die Anschl\u00e4ge seien gut koordiniert und nicht v\u00f6llig unerwartet gewesen. Die Strafverfolgungsbeh\u00f6rden h\u00e4tten seit den Anschl\u00e4gen in Paris im vergangenen November kontinuierlich mutma\u00dfliche Terrororganisationen \u00fcberwacht, f\u00fcgte er hinzu.<\/p>\n<p>Die Angriffe k\u00f6nnten auch zeigen, dass sich der Islamische Staat f\u00fcr eine asymmetrische Kriegsf\u00fchrung entschieden hat, nachdem die Bem\u00fchungen der internationalen Koalition gegen die Organisation ihre milit\u00e4rische Macht erheblich geschw\u00e4cht hatten.<\/p>\n<p>Die Tatsache, dass eine der Bomben in der N\u00e4he von EU-Institutionen gez\u00fcndet wurde, sollte als Botschaft an den Block dienen, sagte er.<\/p>\n<p>Kis-Benedek betonte die Bedeutung des Zeitpunkts der Angriffe und wies darauf hin, dass die kommenden Osterfeiertage garantieren, dass viele Menschen zu dieser Zeit reisen w\u00fcrden. Eines der Ziele des Islamischen Staates w\u00e4re es gewesen, \u201eso viel Chaos wie m\u00f6glich\u201czu verursachen\u201d mit den verschiedenen Versp\u00e4tungen und Annullierungen im Zusammenhang mit Flug- und Bahnreisen nach den Bombenanschl\u00e4gen, sagte er.<\/p>\n<p>Auf die Frage, welches Land die Terrorgruppe als n\u00e4chstes ins Visier nehmen m\u00f6chte, sagte der au\u00dferordentliche Professor, es sei h\u00f6chst unwahrscheinlich, dass das n\u00e4chste Ziel Ungarn sei. Der Islamische Staat w\u00fcrde eher St\u00e4dte wie Paris, Rom, London oder eine deutsche Stadt ins Visier nehmen, sagte er.<\/p>\n<p>Kis-Benedek forderte die Sicherheitsdienste auf, zur Kenntnis zu nehmen, dass sich die Explosion am Flughafen Zaventem im Abflugterminal ereignete, einem Bereich, der f\u00fcr jedermann von der Stra\u00dfe aus zug\u00e4nglich ist.<\/p>\n<p>Bei den Terroranschl\u00e4gen wurden mindestens 34 Menschen get\u00f6tet und mehr als 230 weitere verletzt.<\/p>\n<p><em>Foto: MTI<\/em><\/p>\n","protected":false},"excerpt":{"rendered":"<p>Budapest, 22. M\u00e4rz (MTI) \u2013 Die am Dienstag in Br\u00fcssel ver\u00fcbten Terroranschl\u00e4ge sollten mehrere Botschaften nach Europa senden, sagte J\u00f3zsef Kis-Benedek, au\u00dferordentlicher Professor an der National Public Services University, gegen\u00fcber MTI. Kis-Benedek sagte, die Bombenanschl\u00e4ge, f\u00fcr die die militante Gruppe Islamischer Staat inzwischen die Verantwortung \u00fcbernommen habe, k\u00f6nnten als Angriff auf die westliche Zivilisation, die [&hellip;]<\/p>\n","protected":false},"author":2,"featured_media":759797,"comment_status":"open","ping_status":"open","sticky":false,"template":"","format":"standard","meta":{"_acf_changed":false,"_display_image":"","footnotes":""},"categories":[1081],"tags":[1082,1543],"class_list":["post-759796","post","type-post","status-publish","format-standard","has-post-thumbnail","hentry","category-politik","tag-europaische-union","tag-terrorismus"],"blocksy_meta":[],"acf":[],"author_username":"alk","telegram_post":"","public_post_metadata":{"breaking_news":"","important":"","csempe":"","center_tile":"","disable_thumbnail":"","target_lang":"","_featured_image_style":"","telegram_post":"","_xlat_group_id":""},"public_rank_math_data":{"title":"%title% %sep% %sitename%","description":"","focus_keyword":"","canonical_url":"","robots":"","primary_category":"1081","breadcrumb_title":"","facebook_title":"","facebook_description":"","facebook_image":"","facebook_image_id":"","twitter_title":"","twitter_description":"","twitter_image":"","twitter_image_id":"","twitter_card_type":"","twitter_use_facebook":"","advanced_robots":"","pillar_content":"","seo_score":"","contentai_score":"","rich_snippet":""},"_links":{"self":[{"href":"https:\/\/dailynewshungary.com\/de\/wp-json\/wp\/v2\/posts\/759796","targetHints":{"allow":["GET"]}}],"collection":[{"href":"https:\/\/dailynewshungary.com\/de\/wp-json\/wp\/v2\/posts"}],"about":[{"href":"https:\/\/dailynewshungary.com\/de\/wp-json\/wp\/v2\/types\/post"}],"author":[{"embeddable":true,"href":"https:\/\/dailynewshungary.com\/de\/wp-json\/wp\/v2\/users\/2"}],"replies":[{"embeddable":true,"href":"https:\/\/dailynewshungary.com\/de\/wp-json\/wp\/v2\/comments?post=759796"}],"version-history":[{"count":0,"href":"https:\/\/dailynewshungary.com\/de\/wp-json\/wp\/v2\/posts\/759796\/revisions"}],"wp:featuredmedia":[{"embeddable":true,"href":"https:\/\/dailynewshungary.com\/de\/wp-json\/wp\/v2\/media\/759797"}],"wp:attachment":[{"href":"https:\/\/dailynewshungary.com\/de\/wp-json\/wp\/v2\/media?parent=759796"}],"wp:term":[{"taxonomy":"category","embeddable":true,"href":"https:\/\/dailynewshungary.com\/de\/wp-json\/wp\/v2\/categories?post=759796"},{"taxonomy":"post_tag","embeddable":true,"href":"https:\/\/dailynewshungary.com\/de\/wp-json\/wp\/v2\/tags?post=759796"}],"curies":[{"name":"wp","href":"https:\/\/api.w.org\/{rel}","templated":true}]}}