{"id":759812,"date":"2016-03-22T14:40:04","date_gmt":"2016-03-22T13:40:04","guid":{"rendered":"https:\/\/dailynewshungary.com\/de\/orban-der-terrorismus-muss-in-all-seinen-formen-bekampft-werden\/"},"modified":"2016-03-22T14:40:04","modified_gmt":"2016-03-22T13:40:04","slug":"orban-der-terrorismus-muss-in-all-seinen-formen-bekampft-werden","status":"publish","type":"post","link":"https:\/\/dailynewshungary.com\/de\/orban-der-terrorismus-muss-in-all-seinen-formen-bekampft-werden\/","title":{"rendered":"Orb\u00e1n: Der Terrorismus muss in all seinen Formen bek\u00e4mpft werden"},"content":{"rendered":"<p><strong>Budapest, 22. M\u00e4rz (MTI) \u2013 Alle Formen des Terrorismus m\u00fcssen abgelehnt und bek\u00e4mpft werden, sagte Premierminister Viktor Orb\u00e1n am Dienstag auf einer Pressekonferenz nach den Terroranschl\u00e4gen in Br\u00fcssel.<\/strong><\/p>\n<p><img loading=\"lazy\" decoding=\"async\" class=\"size-medium wp-image-36513 alignright\" src=\"https:\/\/dailynewshungary.com\/wp-content\/uploads\/2016\/03\/orban-tatab\u00e1nya-259x300.jpg\" alt=\"orban-tatab\u00e1nya\" width=\"259\" height=\"300\" srcset=\"https:\/\/contentf5.dailynewshungary.com\/wp-content\/uploads\/2016\/03\/orban-tatab\u00e1nya-259x300.jpg 259w, https:\/\/contentf5.dailynewshungary.com\/wp-content\/uploads\/2016\/03\/orban-tatab\u00e1nya.jpg 518w\" sizes=\"auto, (max-width: 259px) 100vw, 259px\">Orban forderte, die Zusammenarbeit zwischen den verschiedenen Sicherheitsdiensten Europas zu st\u00e4rken.<\/p>\n<p>Bei einer Veranstaltung in Tatab\u00e1nya, nordwestlich von Budapest, best\u00e4tigte er, dass bei den Explosionen zwei Ungarn verletzt worden seien, keiner von ihnen ernsthaft. Beide seien ins Krankenhaus eingeliefert worden, f\u00fcgte er hinzu.<\/p>\n<p>Orb\u00e1n dr\u00fcckte sein Mitgef\u00fchl f\u00fcr die \u00dcberlebenden der Explosionen aus.<\/p>\n<p><strong>Verwandter Artikel:&nbsp;<\/strong><br \/>\n<a href=\"https:\/\/dailynewshungary.com\/de\/ungarn-druckt-sein-beileid-zum-brusseler-knall-aus-update\/\" target=\"_blank\">UNGARN DR\u00dcCKT SEIN BEILEID ZU BR\u00dcSSEL BLAST &amp; UPDATE AUS<\/a><\/p>\n<p>Der Premierminister bekr\u00e4ftigte dies <a href=\"https:\/\/dailynewshungary.com\/de\/eilmeldung-ungarn-in-erhohter-terrorwarnung-update\/\" target=\"_blank\">Er hat in Ungarn eine erh\u00f6hte Terrorwarnung auf zweith\u00f6chster Ebene angeordnet<\/a>, wie Innenminister S\u00e1ndor Pinteer mitteilte.<\/p>\n<p>Der gesamte Stab der TEK-Terrorabwehrtruppe sei in Alarmbereitschaft versetzt worden, sagte er.<\/p>\n<p>\u201cDas sind Vorsichtsma\u00dfnahmen. Sobald die Kommunikation mit Br\u00fcssel wiederhergestellt ist und alle Informationen zuverl\u00e4ssig sind, werden wir entscheiden, ob wir diese Terrorwarnung beibehalten sollen\u201d, sagte Orb\u00e1n.<\/p>\n<p>Die beiden Explosionen auf dem Br\u00fcsseler Flughafen Zaventem und der U-Bahn-Station Maelbeek haben mehr als 25 Opfer gefordert und viele verletzt.<\/p>\n<p><em>Foto: MTI<\/em><\/p>\n","protected":false},"excerpt":{"rendered":"<p>Budapest, 22. M\u00e4rz (MTI) \u2013 Alle Formen des Terrorismus m\u00fcssen abgelehnt und bek\u00e4mpft werden, sagte Premierminister Viktor Orb\u00e1n am Dienstag auf einer Pressekonferenz nach den Terroranschl\u00e4gen in Br\u00fcssel. Orban forderte, die Zusammenarbeit zwischen den verschiedenen Sicherheitsdiensten Europas zu st\u00e4rken. Bei einer Veranstaltung in Tatab\u00e1nya, nordwestlich von Budapest, best\u00e4tigte er, dass bei den Explosionen zwei Ungarn [&hellip;]<\/p>\n","protected":false},"author":2,"featured_media":759813,"comment_status":"open","ping_status":"open","sticky":false,"template":"","format":"standard","meta":{"_acf_changed":false,"_display_image":"","footnotes":""},"categories":[1081],"tags":[1082,1543,1128],"class_list":["post-759812","post","type-post","status-publish","format-standard","has-post-thumbnail","hentry","category-politik","tag-europaische-union","tag-terrorismus","tag-viktor-orban"],"blocksy_meta":[],"acf":[],"author_username":"alk","telegram_post":"","public_post_metadata":{"breaking_news":"","important":"","csempe":"","center_tile":"","disable_thumbnail":"","target_lang":"","_featured_image_style":"","telegram_post":"","_xlat_group_id":""},"public_rank_math_data":{"title":"%title% %sep% %sitename%","description":"","focus_keyword":"","canonical_url":"","robots":"","primary_category":"1081","breadcrumb_title":"","facebook_title":"","facebook_description":"","facebook_image":"","facebook_image_id":"","twitter_title":"","twitter_description":"","twitter_image":"","twitter_image_id":"","twitter_card_type":"","twitter_use_facebook":"","advanced_robots":"","pillar_content":"","seo_score":"","contentai_score":"","rich_snippet":""},"_links":{"self":[{"href":"https:\/\/dailynewshungary.com\/de\/wp-json\/wp\/v2\/posts\/759812","targetHints":{"allow":["GET"]}}],"collection":[{"href":"https:\/\/dailynewshungary.com\/de\/wp-json\/wp\/v2\/posts"}],"about":[{"href":"https:\/\/dailynewshungary.com\/de\/wp-json\/wp\/v2\/types\/post"}],"author":[{"embeddable":true,"href":"https:\/\/dailynewshungary.com\/de\/wp-json\/wp\/v2\/users\/2"}],"replies":[{"embeddable":true,"href":"https:\/\/dailynewshungary.com\/de\/wp-json\/wp\/v2\/comments?post=759812"}],"version-history":[{"count":0,"href":"https:\/\/dailynewshungary.com\/de\/wp-json\/wp\/v2\/posts\/759812\/revisions"}],"wp:featuredmedia":[{"embeddable":true,"href":"https:\/\/dailynewshungary.com\/de\/wp-json\/wp\/v2\/media\/759813"}],"wp:attachment":[{"href":"https:\/\/dailynewshungary.com\/de\/wp-json\/wp\/v2\/media?parent=759812"}],"wp:term":[{"taxonomy":"category","embeddable":true,"href":"https:\/\/dailynewshungary.com\/de\/wp-json\/wp\/v2\/categories?post=759812"},{"taxonomy":"post_tag","embeddable":true,"href":"https:\/\/dailynewshungary.com\/de\/wp-json\/wp\/v2\/tags?post=759812"}],"curies":[{"name":"wp","href":"https:\/\/api.w.org\/{rel}","templated":true}]}}