{"id":759816,"date":"2016-03-22T12:40:42","date_gmt":"2016-03-22T11:40:42","guid":{"rendered":"https:\/\/dailynewshungary.com\/de\/eilmeldung-ungarn-in-erhohter-terrorwarnung-update\/"},"modified":"2016-03-22T12:40:42","modified_gmt":"2016-03-22T11:40:42","slug":"eilmeldung-ungarn-in-erhohter-terrorwarnung-update","status":"publish","type":"post","link":"https:\/\/dailynewshungary.com\/de\/eilmeldung-ungarn-in-erhohter-terrorwarnung-update\/","title":{"rendered":"Eilmeldung \u2013 Ungarn in erh\u00f6hter Terrorwarnung \u2013 UPDATE"},"content":{"rendered":"<p><strong>Nach den Explosionen in Br\u00fcssel habe Ministerpr\u00e4sident Viktor Orb\u00e1n eine erh\u00f6hte Terrorwarnung in Ungarn auf zweith\u00f6chster Ebene angeordnet, sagte der Innenminister am Dienstag.<\/strong><\/p>\n<p><strong>Verwandter Artikel:<br \/>\n<\/strong><a href=\"https:\/\/dailynewshungary.com\/de\/orban-der-terrorismus-muss-in-all-seinen-formen-bekampft-werden\/\" target=\"_blank\" rel=\"noopener\">ORB\u00c1N: TERRORISMUS MUSS IN ALL SEINEN FORMEN BEK\u00c4MPFT WERDEN<\/a><br \/>\n<a href=\"https:\/\/dailynewshungary.com\/de\/zwei-ungarische-staatsangehorige-wurden-bei-brusseler-explosionen-verletzt\/\" target=\"_blank\" rel=\"noopener\">ZWEI UNGARISCHE STAATSANGEH\u00d6RIGE WURDEN BEI BR\u00dcSSELER EXPLOSIONEN VERLETZT<br \/>\n<\/a><\/p>\n<p>Zu den damit verbundenen Ma\u00dfnahmen geh\u00f6rt die Entsendung von Patrouillenoffizieren und gepanzerten Fahrzeugen zum internationalen Flughafen Liszt Ferenc, sagte S\u00e1ndor Pinter gegen\u00fcber Reportern im Parlament.<\/p>\n<p>Mitglieder der ungarischen TEK-Terrorbek\u00e4mpfungstruppe seien entsandt worden, um den Platz vor dem Parlament sowie U-Bahn-Stationen in der Hauptstadt zu patrouillieren, sagte er.<\/p>\n<p>Die Ausschreibung der zweiten Ebene bleibt in Kraft, bis weitere Einzelheiten zur Kl\u00e4rung der Umst\u00e4nde in Br\u00fcssel vorliegen und bis Informationen dar\u00fcber vorliegen, was in anderen europ\u00e4ischen L\u00e4ndern zu erwarten ist, so Pinter.<\/p>\n<p><img loading=\"lazy\" decoding=\"async\" class=\"size-full wp-image-36494 aligncenter\" src=\"https:\/\/dailynewshungary.com\/wp-content\/uploads\/2016\/03\/terrorism-budapest-police-tek-2.jpg\" alt=\"Terrorismus-budapest-polizei-tek-2\" width=\"600\" height=\"400\" srcset=\"https:\/\/contentf5.dailynewshungary.com\/wp-content\/uploads\/2016\/03\/terrorism-budapest-police-tek-2.jpg 600w, https:\/\/contentf5.dailynewshungary.com\/wp-content\/uploads\/2016\/03\/terrorism-budapest-police-tek-2-300x200.jpg 300w\" sizes=\"auto, (max-width: 600px) 100vw, 600px\"><\/p>\n<p>Die nationale Polizei teilte MTI mit, dass an der Stra\u00dfe zum Flughafen Liszt Ferenc ein Kontroll- und Transitpunkt eingerichtet werde.<\/p>\n<p>Weitere Polizeieinheiten werden entsandt, um \u00f6ffentliche R\u00e4ume au\u00dferhalb des Flughafens und der Passagierlounge zu patrouillieren, wo Sprengstoffexperten ebenfalls Kontrollen mit Unterst\u00fctzung von Sp\u00fcrhunden durchf\u00fchren werden, teilte das nationale Polizeipr\u00e4sidium mit.<\/p>\n<p>Alle Fl\u00fcge zwischen Br\u00fcssel und Budapest wurden gestrichen Die betroffenen Fl\u00fcge sind ein &#8211; und ausgehende Brussels Airlines-Dienste vom Flughafen Zaventem aus Wizzair-Fl\u00fcge, die vom Flughafen Charleroi aus bedient werden, sollen wie gewohnt durchgef\u00fchrt werden.<\/p>\n<p><img loading=\"lazy\" decoding=\"async\" class=\"size-full wp-image-36493 aligncenter\" src=\"https:\/\/dailynewshungary.com\/wp-content\/uploads\/2016\/03\/terrorism-budapest-police-tek.jpg\" alt=\"Terrorismus-budapest-polizei-tek\" width=\"600\" height=\"400\" srcset=\"https:\/\/contentf5.dailynewshungary.com\/wp-content\/uploads\/2016\/03\/terrorism-budapest-police-tek.jpg 600w, https:\/\/contentf5.dailynewshungary.com\/wp-content\/uploads\/2016\/03\/terrorism-budapest-police-tek-300x200.jpg 300w\" sizes=\"auto, (max-width: 600px) 100vw, 600px\"><\/p>\n<p>Ungarns TEK-Terrorbek\u00e4mpfungstruppe gab am Dienstag eine Erkl\u00e4rung ab, in der sie auf die Terrorwarnung zweiten Grades hinwies und hinzuf\u00fcgte, dass die Truppe ihre Geheimdienstaktivit\u00e4ten intensiviere, den Schutz kritischer Infrastrukturen st\u00e4rke und die Pr\u00e4senz ihrer Beamten an stark frequentierten \u00f6ffentlichen Kreuzungen erh\u00f6he.<\/p>\n<h6>AKTUALISIEREN<\/h6>\n<p><strong>Erh\u00f6hte Kontrollen am Budapester Flughafen und in der U-Bahn angeordnet<\/strong><\/p>\n<p><strong>MTI \u2013 Nach den Explosionen in Br\u00fcssel haben die ungarischen Beh\u00f6rden verst\u00e4rkte Kontrollen am internationalen Flughafen Liszt Ferenc und in der U-Bahn der Hauptstadt angeordnet.<\/strong><\/p>\n<p>Der Chef der nationalen Polizei, K\u00e1roly Papp, informierte die Journalisten vor einer Sitzung des Verteidigungs &#8211; und Strafverfolgungsausschusses des Parlaments am DienstagEr sagte, es w\u00fcrden keine Beschr\u00e4nkungen f\u00fcr Reisende eingef\u00fchrt, aber es werde eine erh\u00f6hte Polizeipr\u00e4senz gebenErfragt, wo \u00e4hnliche Ma\u00dfnahmen an Bahnh\u00f6fen durchgef\u00fchrt w\u00fcrden, sagte er, solche Ma\u00dfnahmen seien bereits ruhiger umgesetzt worden.<\/p>\n<h6>AKTUALISIEREN<\/h6>\n<p><strong>Ungarns TEK-Terrorabwehrtruppe am Flughafen Budapest<\/strong><\/p>\n<p><img loading=\"lazy\" decoding=\"async\" class=\"size-full wp-image-36504 aligncenter\" src=\"https:\/\/dailynewshungary.com\/wp-content\/uploads\/2016\/03\/terrorism-budapest-police-tek-airport-2.jpg\" alt=\"Terrorismus-budapest-polizei-tek-flughafen-2\" width=\"600\" height=\"400\" srcset=\"https:\/\/contentf5.dailynewshungary.com\/wp-content\/uploads\/2016\/03\/terrorism-budapest-police-tek-airport-2.jpg 600w, https:\/\/contentf5.dailynewshungary.com\/wp-content\/uploads\/2016\/03\/terrorism-budapest-police-tek-airport-2-300x200.jpg 300w\" sizes=\"auto, (max-width: 600px) 100vw, 600px\"><\/p>\n<p><img loading=\"lazy\" decoding=\"async\" class=\"size-full wp-image-36503 aligncenter\" src=\"https:\/\/dailynewshungary.com\/wp-content\/uploads\/2016\/03\/terrorism-budapest-police-tek-airport.jpg\" alt=\"Terrorismus-budapest-polizei-tek-flughafen\" width=\"600\" height=\"400\" srcset=\"https:\/\/contentf5.dailynewshungary.com\/wp-content\/uploads\/2016\/03\/terrorism-budapest-police-tek-airport.jpg 600w, https:\/\/contentf5.dailynewshungary.com\/wp-content\/uploads\/2016\/03\/terrorism-budapest-police-tek-airport-300x200.jpg 300w\" sizes=\"auto, (max-width: 600px) 100vw, 600px\"><\/p>\n<p><img loading=\"lazy\" decoding=\"async\" class=\"size-full wp-image-36518 aligncenter\" src=\"https:\/\/dailynewshungary.com\/wp-content\/uploads\/2016\/03\/terrorism-budapest-police-tek-airport-3.jpg\" alt=\"Terrorismus-budapest-polizei-tek-flughafen-3\" width=\"600\" height=\"400\" srcset=\"https:\/\/contentf5.dailynewshungary.com\/wp-content\/uploads\/2016\/03\/terrorism-budapest-police-tek-airport-3.jpg 600w, https:\/\/contentf5.dailynewshungary.com\/wp-content\/uploads\/2016\/03\/terrorism-budapest-police-tek-airport-3-300x200.jpg 300w\" sizes=\"auto, (max-width: 600px) 100vw, 600px\"><\/p>\n<h6>AKTUALISIEREN<\/h6>\n<p><strong>Oppositionsparteien unterst\u00fctzten die erh\u00f6hte Terrorwarnung<\/strong><\/p>\n<p><strong>MTI \u2013 Sowohl die Sozialisten als auch die radikal-nationalistische Jobbik-Partei stimmen der Anordnung der Regierung zu, die Terrorwarnung in Ungarn vor\u00fcbergehend auf der zweith\u00f6chsten Ebene zu erh\u00f6hen, sagten die Vertreter beider Parteien im Verteidigungs- und Strafverfolgungsausschuss des Parlaments am Dienstag.<\/strong><\/p>\n<p>Mit Bezug auf die Terroranschl\u00e4ge am Dienstag in Br\u00fcssel sagte der Jobbik-Abgeordnete Adam Mirkoczki, niemand k\u00f6nne vorhersagen, ob \u00e4hnliche Terrorakte anderswo begangen werden k\u00f6nnten.<\/p>\n<p>Tamas Harangozo, der stellvertretende sozialistische Vorsitzende des Ausschusses, sagte, die Terrorwarnung der zweiten Ebene k\u00f6nne nicht l\u00e4nger als ein paar Tage bestehen bleiben.<\/p>\n<p>Die Regierung und die Sicherheitsdienste werden am Mittwoch in einer Sondersitzung des nationalen Sicherheitsausschusses dar\u00fcber informieren, ob es noch gerechtfertigt sei, eine so hohe Terroralarmstufe aufrechtzuerhalten, sagte er.<\/p>\n<p><em>Foto: MTI<\/em><\/p>\n","protected":false},"excerpt":{"rendered":"<p>Nach den Explosionen in Br\u00fcssel habe Ministerpr\u00e4sident Viktor Orb\u00e1n eine erh\u00f6hte Terrorwarnung in Ungarn auf zweith\u00f6chster Ebene angeordnet, sagte der Innenminister am Dienstag. Verwandter Artikel: ORB\u00c1N: TERRORISMUS MUSS IN ALL SEINEN FORMEN BEK\u00c4MPFT WERDEN ZWEI UNGARISCHE STAATSANGEH\u00d6RIGE WURDEN BEI BR\u00dcSSELER EXPLOSIONEN VERLETZT Zu den damit verbundenen Ma\u00dfnahmen geh\u00f6rt die Entsendung von Patrouillenoffizieren und gepanzerten Fahrzeugen [&hellip;]<\/p>\n","protected":false},"author":2,"featured_media":759817,"comment_status":"open","ping_status":"open","sticky":false,"template":"","format":"standard","meta":{"_acf_changed":false,"_display_image":"","footnotes":""},"categories":[1081],"tags":[1236,1543,1128],"class_list":["post-759816","post","type-post","status-publish","format-standard","has-post-thumbnail","hentry","category-politik","tag-polizei","tag-terrorismus","tag-viktor-orban"],"blocksy_meta":[],"acf":[],"author_username":"alk","telegram_post":"","public_post_metadata":{"breaking_news":"","important":"","csempe":"","center_tile":"","disable_thumbnail":"","target_lang":"","_featured_image_style":"","telegram_post":"","_xlat_group_id":""},"public_rank_math_data":{"title":"%title% %sep% %sitename%","description":"Nach den Explosionen in Br\u00fcssel hat Premierminister Viktor Orb\u00e1n eine erh\u00f6hte Terrorwarnung in Ungarn auf zweith\u00f6chster Ebene angeordnet.","focus_keyword":"Verst\u00e4rkte Terrorwarnung","canonical_url":"","robots":"","primary_category":"1081","breadcrumb_title":"","facebook_title":"","facebook_description":"","facebook_image":"","facebook_image_id":"","twitter_title":"","twitter_description":"","twitter_image":"","twitter_image_id":"","twitter_card_type":"","twitter_use_facebook":"","advanced_robots":"","pillar_content":"","seo_score":"20","contentai_score":"","rich_snippet":""},"_links":{"self":[{"href":"https:\/\/dailynewshungary.com\/de\/wp-json\/wp\/v2\/posts\/759816","targetHints":{"allow":["GET"]}}],"collection":[{"href":"https:\/\/dailynewshungary.com\/de\/wp-json\/wp\/v2\/posts"}],"about":[{"href":"https:\/\/dailynewshungary.com\/de\/wp-json\/wp\/v2\/types\/post"}],"author":[{"embeddable":true,"href":"https:\/\/dailynewshungary.com\/de\/wp-json\/wp\/v2\/users\/2"}],"replies":[{"embeddable":true,"href":"https:\/\/dailynewshungary.com\/de\/wp-json\/wp\/v2\/comments?post=759816"}],"version-history":[{"count":0,"href":"https:\/\/dailynewshungary.com\/de\/wp-json\/wp\/v2\/posts\/759816\/revisions"}],"wp:featuredmedia":[{"embeddable":true,"href":"https:\/\/dailynewshungary.com\/de\/wp-json\/wp\/v2\/media\/759817"}],"wp:attachment":[{"href":"https:\/\/dailynewshungary.com\/de\/wp-json\/wp\/v2\/media?parent=759816"}],"wp:term":[{"taxonomy":"category","embeddable":true,"href":"https:\/\/dailynewshungary.com\/de\/wp-json\/wp\/v2\/categories?post=759816"},{"taxonomy":"post_tag","embeddable":true,"href":"https:\/\/dailynewshungary.com\/de\/wp-json\/wp\/v2\/tags?post=759816"}],"curies":[{"name":"wp","href":"https:\/\/api.w.org\/{rel}","templated":true}]}}