{"id":759822,"date":"2016-03-22T10:04:18","date_gmt":"2016-03-22T09:04:18","guid":{"rendered":"https:\/\/dailynewshungary.com\/de\/ungarn-druckt-sein-beileid-zum-brusseler-knall-aus-update\/"},"modified":"2016-03-22T10:04:18","modified_gmt":"2016-03-22T09:04:18","slug":"ungarn-druckt-sein-beileid-zum-brusseler-knall-aus-update","status":"publish","type":"post","link":"https:\/\/dailynewshungary.com\/de\/ungarn-druckt-sein-beileid-zum-brusseler-knall-aus-update\/","title":{"rendered":"Ungarn dr\u00fcckt sein Beileid zum Br\u00fcsseler Knall aus \u2013 UPDATE"},"content":{"rendered":"<p><strong>Budapest, 22. M\u00e4rz (MTI) \u2013 Premierminister Viktor Orb\u00e1n \u00e4u\u00dferte am Dienstag seine Best\u00fcrzung \u00fcber Berichte \u00fcber die Explosionen am Flughafen Zaventem in Br\u00fcssel sowie sein Mitgef\u00fchl f\u00fcr die \u00dcberlebenden der Explosion.<\/strong><\/p>\n<p>Orb\u00e1n forderte au\u00dferdem sofortige und kontinuierliche Briefings von den Leitern der zust\u00e4ndigen ungarischen Beh\u00f6rden, darunter Strafverfolgungs- und Anti-Terror-Chefs, sagte der Pressechef des Premierministers, Bertalan Havasi, in einer Erkl\u00e4rung. Bei Bedarf werden besondere Ma\u00dfnahmen ergriffen, f\u00fcgte er hinzu.<\/p>\n<h6>AKTUALISIEREN<\/h6>\n<p><strong>Ungarns Pr\u00e4sident spricht sein Beileid zu den Br\u00fcsseler Explosionen aus<\/strong><\/p>\n<p><strong>MTI \u2013 Pr\u00e4sident J\u00e1nos \u00c1der dr\u00fcckte Philippe, dem K\u00f6nig von Belgien, sein Beileid zu den Explosionen am Dienstag in Br\u00fcssel aus.<\/strong><\/p>\n<p>\u00c1der sagte, er sei zutiefst schockiert, als er von den Explosionen erfuhr, bei denen mehrere unschuldige Menschen ums Leben kamen.<\/p>\n<p>Er dr\u00fcckte den Familien der Opfer im Namen des ungarischen Volkes sein tiefes Beileid aus und w\u00fcnschte den Verletzten eine schnelle Genesung.<\/p>\n<p>Die in Br\u00fcssel begangenen \u201cbarmherzigen b\u00f6sen Taten\u201d unterstreichen erneut die Notwendigkeit seitens der internationalen Gemeinschaft, den Terrorismus mit konzertierten und konsequenten Ma\u00dfnahmen zu bek\u00e4mpfen, sagte \u00c1der und f\u00fcgte hinzu, dass Ungarn sich verpflichtet habe, Bem\u00fchungen zum Schutz menschlicher Werte zu unterst\u00fctzen.<\/p>\n","protected":false},"excerpt":{"rendered":"<p>Budapest, 22. M\u00e4rz (MTI) \u2013 Premierminister Viktor Orb\u00e1n \u00e4u\u00dferte am Dienstag seine Best\u00fcrzung \u00fcber Berichte \u00fcber die Explosionen am Flughafen Zaventem in Br\u00fcssel sowie sein Mitgef\u00fchl f\u00fcr die \u00dcberlebenden der Explosion. Orb\u00e1n forderte au\u00dferdem sofortige und kontinuierliche Briefings von den Leitern der zust\u00e4ndigen ungarischen Beh\u00f6rden, darunter Strafverfolgungs- und Anti-Terror-Chefs, sagte der Pressechef des Premierministers, Bertalan [&hellip;]<\/p>\n","protected":false},"author":2,"featured_media":759823,"comment_status":"open","ping_status":"open","sticky":false,"template":"","format":"standard","meta":{"_acf_changed":false,"_display_image":"","footnotes":""},"categories":[1081],"tags":[2067,1082,1198,1543,1128],"class_list":["post-759822","post","type-post","status-publish","format-standard","has-post-thumbnail","hentry","category-politik","tag-beileid","tag-europaische-union","tag-prasident-von-ungarn","tag-terrorismus","tag-viktor-orban"],"blocksy_meta":[],"acf":[],"author_username":"alk","telegram_post":"","public_post_metadata":{"breaking_news":"","important":"","csempe":"","center_tile":"","disable_thumbnail":"","target_lang":"","_featured_image_style":"","telegram_post":"","_xlat_group_id":""},"public_rank_math_data":{"title":"%title% %sep% %sitename%","description":"","focus_keyword":"","canonical_url":"","robots":"","primary_category":"1081","breadcrumb_title":"","facebook_title":"","facebook_description":"","facebook_image":"","facebook_image_id":"","twitter_title":"","twitter_description":"","twitter_image":"","twitter_image_id":"","twitter_card_type":"","twitter_use_facebook":"","advanced_robots":"","pillar_content":"","seo_score":"","contentai_score":"","rich_snippet":""},"_links":{"self":[{"href":"https:\/\/dailynewshungary.com\/de\/wp-json\/wp\/v2\/posts\/759822","targetHints":{"allow":["GET"]}}],"collection":[{"href":"https:\/\/dailynewshungary.com\/de\/wp-json\/wp\/v2\/posts"}],"about":[{"href":"https:\/\/dailynewshungary.com\/de\/wp-json\/wp\/v2\/types\/post"}],"author":[{"embeddable":true,"href":"https:\/\/dailynewshungary.com\/de\/wp-json\/wp\/v2\/users\/2"}],"replies":[{"embeddable":true,"href":"https:\/\/dailynewshungary.com\/de\/wp-json\/wp\/v2\/comments?post=759822"}],"version-history":[{"count":0,"href":"https:\/\/dailynewshungary.com\/de\/wp-json\/wp\/v2\/posts\/759822\/revisions"}],"wp:featuredmedia":[{"embeddable":true,"href":"https:\/\/dailynewshungary.com\/de\/wp-json\/wp\/v2\/media\/759823"}],"wp:attachment":[{"href":"https:\/\/dailynewshungary.com\/de\/wp-json\/wp\/v2\/media?parent=759822"}],"wp:term":[{"taxonomy":"category","embeddable":true,"href":"https:\/\/dailynewshungary.com\/de\/wp-json\/wp\/v2\/categories?post=759822"},{"taxonomy":"post_tag","embeddable":true,"href":"https:\/\/dailynewshungary.com\/de\/wp-json\/wp\/v2\/tags?post=759822"}],"curies":[{"name":"wp","href":"https:\/\/api.w.org\/{rel}","templated":true}]}}