{"id":759852,"date":"2016-03-21T11:08:29","date_gmt":"2016-03-21T10:08:29","guid":{"rendered":"https:\/\/dailynewshungary.com\/de\/video-orbans-rede-vom-15-marz-brussel-muss-gestoppt-werden\/"},"modified":"2016-03-21T11:08:29","modified_gmt":"2016-03-21T10:08:29","slug":"video-orbans-rede-vom-15-marz-brussel-muss-gestoppt-werden","status":"publish","type":"post","link":"https:\/\/dailynewshungary.com\/de\/video-orbans-rede-vom-15-marz-brussel-muss-gestoppt-werden\/","title":{"rendered":"VIDEO \u2013 Orb\u00e1ns Rede vom 15. M\u00e4rz: \u201cBr\u00fcssel muss gestoppt werden!\u201d"},"content":{"rendered":"<p><strong>Dies ist eine bearbeitete Version der j\u00e4hrlichen feierlichen Rede von PM Viktor Orb\u00e1n zum ungarischen Nationalfeiertag am 15. M\u00e4rz. Darin thematisiert er die Migrantenkrise und die \u201cversteckten M\u00e4chte\u201d, die die Gezeiten kontrollieren und den Ruin Europas anstreben Er fordert alle Europ\u00e4er auf, sich zu vereinen und sich gegen ihre geplante Zerst\u00f6rung zu wehren.<\/strong><\/p>\n<p><iframe loading=\"lazy\" src=\"https:\/\/www.youtube.com\/embed\/is-wgVzc7qw\" width=\"600\" height=\"400\" frameborder=\"0\" allowfullscreen=\"allowfullscreen\"><\/iframe><\/p>\n<p><em>Foto: MTI<\/em><\/p>\n","protected":false},"excerpt":{"rendered":"<p>Dies ist eine bearbeitete Version der j\u00e4hrlichen feierlichen Rede von PM Viktor Orb\u00e1n zum ungarischen Nationalfeiertag am 15. M\u00e4rz. Darin thematisiert er die Migrantenkrise und die \u201cversteckten M\u00e4chte\u201d, die die Gezeiten kontrollieren und den Ruin Europas anstreben Er fordert alle Europ\u00e4er auf, sich zu vereinen und sich gegen ihre geplante Zerst\u00f6rung zu wehren. Foto: MTI<\/p>\n","protected":false},"author":2,"featured_media":759853,"comment_status":"open","ping_status":"open","sticky":false,"template":"","format":"standard","meta":{"_acf_changed":false,"_display_image":"","footnotes":""},"categories":[1081],"tags":[1082,1144,1598,1192,1128],"class_list":["post-759852","post","type-post","status-publish","format-standard","has-post-thumbnail","hentry","category-politik","tag-europaische-union","tag-gedenken","tag-nationalfeiertag","tag-video","tag-viktor-orban"],"blocksy_meta":[],"acf":[],"author_username":"alk","telegram_post":"","public_post_metadata":{"breaking_news":"","important":"","csempe":"","center_tile":"","disable_thumbnail":"","target_lang":"","_featured_image_style":"","telegram_post":"","_xlat_group_id":""},"public_rank_math_data":{"title":"%title% %sep% %sitename%","description":"","focus_keyword":"","canonical_url":"","robots":"","primary_category":"1081","breadcrumb_title":"","facebook_title":"","facebook_description":"","facebook_image":"","facebook_image_id":"","twitter_title":"","twitter_description":"","twitter_image":"","twitter_image_id":"","twitter_card_type":"","twitter_use_facebook":"","advanced_robots":"","pillar_content":"","seo_score":"","contentai_score":"","rich_snippet":""},"_links":{"self":[{"href":"https:\/\/dailynewshungary.com\/de\/wp-json\/wp\/v2\/posts\/759852","targetHints":{"allow":["GET"]}}],"collection":[{"href":"https:\/\/dailynewshungary.com\/de\/wp-json\/wp\/v2\/posts"}],"about":[{"href":"https:\/\/dailynewshungary.com\/de\/wp-json\/wp\/v2\/types\/post"}],"author":[{"embeddable":true,"href":"https:\/\/dailynewshungary.com\/de\/wp-json\/wp\/v2\/users\/2"}],"replies":[{"embeddable":true,"href":"https:\/\/dailynewshungary.com\/de\/wp-json\/wp\/v2\/comments?post=759852"}],"version-history":[{"count":0,"href":"https:\/\/dailynewshungary.com\/de\/wp-json\/wp\/v2\/posts\/759852\/revisions"}],"wp:featuredmedia":[{"embeddable":true,"href":"https:\/\/dailynewshungary.com\/de\/wp-json\/wp\/v2\/media\/759853"}],"wp:attachment":[{"href":"https:\/\/dailynewshungary.com\/de\/wp-json\/wp\/v2\/media?parent=759852"}],"wp:term":[{"taxonomy":"category","embeddable":true,"href":"https:\/\/dailynewshungary.com\/de\/wp-json\/wp\/v2\/categories?post=759852"},{"taxonomy":"post_tag","embeddable":true,"href":"https:\/\/dailynewshungary.com\/de\/wp-json\/wp\/v2\/tags?post=759852"}],"curies":[{"name":"wp","href":"https:\/\/api.w.org\/{rel}","templated":true}]}}