{"id":759930,"date":"2016-03-18T13:35:48","date_gmt":"2016-03-18T12:35:48","guid":{"rendered":"https:\/\/dailynewshungary.com\/de\/ungarn-unterzeichnet-who-abkommen-zur-gesundheitsentwicklung\/"},"modified":"2016-03-18T13:35:48","modified_gmt":"2016-03-18T12:35:48","slug":"ungarn-unterzeichnet-who-abkommen-zur-gesundheitsentwicklung","status":"publish","type":"post","link":"https:\/\/dailynewshungary.com\/de\/ungarn-unterzeichnet-who-abkommen-zur-gesundheitsentwicklung\/","title":{"rendered":"Ungarn unterzeichnet WHO-Abkommen zur Gesundheitsentwicklung"},"content":{"rendered":"<p><strong>Budapest, 18. M\u00e4rz (MTI) \u2013 Das ungarische Personalministerium hat am Freitag eine Kooperationsvereinbarung mit dem Regionalb\u00fcro der Weltgesundheitsorganisation (WHO) zur Krankheitspr\u00e4vention und Gesundheitsf\u00f6rderung unterzeichnet, teilte das f\u00fcr Gesundheit zust\u00e4ndige Staatssekretariat mit.<\/strong><\/p>\n<p>Das Abkommen umfasst Programme f\u00fcr die Pr\u00e4vention und Behandlung ansteckender und nicht ansteckender Krankheiten im Zeitraum 2016-2017 sowie die F\u00f6rderung der Gesundheit \u00fcber die gesamte Lebensspanne f\u00fcr die Entwicklung von Gesundheitssystemen, sagte das Sekretariat in einer Erkl\u00e4rung. Der Erf\u00fcllung globaler und regionaler Bed\u00fcrfnisse sowie von Programmen, die auf das ungarische Gesundheitssystem zugeschnitten sind, wurde Vorrang einger\u00e4umt, wobei Kategorien der EU-Strategie f\u00fcr Gesundheit 2020 ber\u00fccksichtigt werden.<\/p>\n<p>Das Abkommen werde eine wichtige Rolle bei der St\u00e4rkung der Strategien f\u00fcr die \u00f6ffentliche Gesundheit in Ungarn spielen und die WHO werde auch bew\u00e4hrte ungarische Verfahren mit anderen Mitgliedstaaten teilen, hei\u00dft es in der Erkl\u00e4rung weiter.<\/p>\n","protected":false},"excerpt":{"rendered":"<p>Budapest, 18. M\u00e4rz (MTI) \u2013 Das ungarische Personalministerium hat am Freitag eine Kooperationsvereinbarung mit dem Regionalb\u00fcro der Weltgesundheitsorganisation (WHO) zur Krankheitspr\u00e4vention und Gesundheitsf\u00f6rderung unterzeichnet, teilte das f\u00fcr Gesundheit zust\u00e4ndige Staatssekretariat mit. Das Abkommen umfasst Programme f\u00fcr die Pr\u00e4vention und Behandlung ansteckender und nicht ansteckender Krankheiten im Zeitraum 2016-2017 sowie die F\u00f6rderung der Gesundheit \u00fcber die [&hellip;]<\/p>\n","protected":false},"author":2,"featured_media":759931,"comment_status":"open","ping_status":"open","sticky":false,"template":"","format":"standard","meta":{"_acf_changed":false,"_display_image":"","footnotes":""},"categories":[1098],"tags":[1107,1721],"class_list":["post-759930","post","type-post","status-publish","format-standard","has-post-thumbnail","hentry","category-gesellschaft","tag-gesundheit","tag-wer"],"blocksy_meta":[],"acf":[],"author_username":"alk","telegram_post":"","public_post_metadata":{"breaking_news":"","important":"","csempe":"","center_tile":"","disable_thumbnail":"","target_lang":"","_featured_image_style":"","telegram_post":"","_xlat_group_id":""},"public_rank_math_data":{"title":"%title% %sep% %sitename%","description":"","focus_keyword":"","canonical_url":"","robots":"","primary_category":"1098","breadcrumb_title":"","facebook_title":"","facebook_description":"","facebook_image":"","facebook_image_id":"","twitter_title":"","twitter_description":"","twitter_image":"","twitter_image_id":"","twitter_card_type":"","twitter_use_facebook":"","advanced_robots":"","pillar_content":"","seo_score":"","contentai_score":"","rich_snippet":""},"_links":{"self":[{"href":"https:\/\/dailynewshungary.com\/de\/wp-json\/wp\/v2\/posts\/759930","targetHints":{"allow":["GET"]}}],"collection":[{"href":"https:\/\/dailynewshungary.com\/de\/wp-json\/wp\/v2\/posts"}],"about":[{"href":"https:\/\/dailynewshungary.com\/de\/wp-json\/wp\/v2\/types\/post"}],"author":[{"embeddable":true,"href":"https:\/\/dailynewshungary.com\/de\/wp-json\/wp\/v2\/users\/2"}],"replies":[{"embeddable":true,"href":"https:\/\/dailynewshungary.com\/de\/wp-json\/wp\/v2\/comments?post=759930"}],"version-history":[{"count":0,"href":"https:\/\/dailynewshungary.com\/de\/wp-json\/wp\/v2\/posts\/759930\/revisions"}],"wp:featuredmedia":[{"embeddable":true,"href":"https:\/\/dailynewshungary.com\/de\/wp-json\/wp\/v2\/media\/759931"}],"wp:attachment":[{"href":"https:\/\/dailynewshungary.com\/de\/wp-json\/wp\/v2\/media?parent=759930"}],"wp:term":[{"taxonomy":"category","embeddable":true,"href":"https:\/\/dailynewshungary.com\/de\/wp-json\/wp\/v2\/categories?post=759930"},{"taxonomy":"post_tag","embeddable":true,"href":"https:\/\/dailynewshungary.com\/de\/wp-json\/wp\/v2\/tags?post=759930"}],"curies":[{"name":"wp","href":"https:\/\/api.w.org\/{rel}","templated":true}]}}