{"id":759963,"date":"2016-03-17T14:30:57","date_gmt":"2016-03-17T13:30:57","guid":{"rendered":"https:\/\/dailynewshungary.com\/de\/eu-gericht-entscheidet-dass-ungarn-kein-verschulden-an-der-ruckfuhrung-eines-migranten-nach-serbien-im-vergangenen-sommer-tragt\/"},"modified":"2016-03-17T14:30:57","modified_gmt":"2016-03-17T13:30:57","slug":"eu-gericht-entscheidet-dass-ungarn-kein-verschulden-an-der-ruckfuhrung-eines-migranten-nach-serbien-im-vergangenen-sommer-tragt","status":"publish","type":"post","link":"https:\/\/dailynewshungary.com\/de\/eu-gericht-entscheidet-dass-ungarn-kein-verschulden-an-der-ruckfuhrung-eines-migranten-nach-serbien-im-vergangenen-sommer-tragt\/","title":{"rendered":"EU-Gericht entscheidet, dass Ungarn kein Verschulden an der R\u00fcckf\u00fchrung eines Migranten nach Serbien im vergangenen Sommer tr\u00e4gt"},"content":{"rendered":"<p><strong>Br\u00fcssel\/Luxemburg, 17. M\u00e4rz (MTI) \u201eAsylsuchende k\u00f6nnen ohne Zustimmung eines anderen Mitgliedstaats in ein Nicht-EU-Land zur\u00fcckgeschickt werden, das als \u201esicheres Land\u201cbetrachtet wird, sagte der Europ\u00e4ische Gerichtshof am Donnerstag in einem Urteil.<\/strong><\/p>\n<p>Nach dem Urteil war Ungarn nicht schuld daran, dass er im August letzten Jahres einen pakistanischen Staatsangeh\u00f6rigen nach Serbien zur\u00fcckgeschickt hatte, nachdem er seinen Asylantrag abgelehnt hatte. Der Mann war illegal aus Serbien nach Ungarn eingereist und reiste nach Einreichung eines Asylantrags weiter in die Tschechische Republik, gegen die Regeln, dass sein st\u00e4ndiger Wohnsitz Ungarn gewesen w\u00e4re, wo der Antrag gestellt wurde Dementsprechend forderten die tschechischen Beh\u00f6rden Ungarn auf, den Asylbewerber zur\u00fcckzuholen, und Ungarn kam dem nach.<\/p>\n<p>Der Mann reichte seinen Antrag erneut in Ungarn ein, doch die ungarischen Beh\u00f6rden lehnten ihn ohne Untersuchung ab und argumentierten, dass er nach Serbien, einem sicheren Land, zur\u00fcckgeschickt werden k\u00f6nne. Der Mann griff die Entscheidung vor einem Verwaltungs- und Arbeitsgericht in Debrecen, Ostungarn, an, das sich an das in Luxemburg ans\u00e4ssige EU-Gericht wandte, um eine Stellungnahme dazu einzuholen, ob Ungarn bei der R\u00fcckf\u00fchrung des Asylbewerbers nach Serbien unter das Gesetz fiel, ohne die Tschechische Republik zu benachrichtigen.<\/p>\n<p><em>Foto: MTI<\/em><\/p>\n","protected":false},"excerpt":{"rendered":"<p>Br\u00fcssel\/Luxemburg, 17. M\u00e4rz (MTI) \u201eAsylsuchende k\u00f6nnen ohne Zustimmung eines anderen Mitgliedstaats in ein Nicht-EU-Land zur\u00fcckgeschickt werden, das als \u201esicheres Land\u201cbetrachtet wird, sagte der Europ\u00e4ische Gerichtshof am Donnerstag in einem Urteil. Nach dem Urteil war Ungarn nicht schuld daran, dass er im August letzten Jahres einen pakistanischen Staatsangeh\u00f6rigen nach Serbien zur\u00fcckgeschickt hatte, nachdem er seinen Asylantrag [&hellip;]<\/p>\n","protected":false},"author":2,"featured_media":759964,"comment_status":"open","ping_status":"open","sticky":false,"template":"","format":"standard","meta":{"_acf_changed":false,"_display_image":"","footnotes":""},"categories":[1081],"tags":[1082,1326,1445,1236],"class_list":["post-759963","post","type-post","status-publish","format-standard","has-post-thumbnail","hentry","category-politik","tag-europaische-union","tag-gericht","tag-migration","tag-polizei"],"blocksy_meta":[],"acf":[],"author_username":"alk","telegram_post":"","public_post_metadata":{"breaking_news":"","important":"","csempe":"","center_tile":"","disable_thumbnail":"","target_lang":"","_featured_image_style":"","telegram_post":"","_xlat_group_id":""},"public_rank_math_data":{"title":"%title% %sep% %sitename%","description":"","focus_keyword":"","canonical_url":"","robots":"","primary_category":"1081","breadcrumb_title":"","facebook_title":"","facebook_description":"","facebook_image":"","facebook_image_id":"","twitter_title":"","twitter_description":"","twitter_image":"","twitter_image_id":"","twitter_card_type":"","twitter_use_facebook":"","advanced_robots":"","pillar_content":"","seo_score":"","contentai_score":"","rich_snippet":""},"_links":{"self":[{"href":"https:\/\/dailynewshungary.com\/de\/wp-json\/wp\/v2\/posts\/759963","targetHints":{"allow":["GET"]}}],"collection":[{"href":"https:\/\/dailynewshungary.com\/de\/wp-json\/wp\/v2\/posts"}],"about":[{"href":"https:\/\/dailynewshungary.com\/de\/wp-json\/wp\/v2\/types\/post"}],"author":[{"embeddable":true,"href":"https:\/\/dailynewshungary.com\/de\/wp-json\/wp\/v2\/users\/2"}],"replies":[{"embeddable":true,"href":"https:\/\/dailynewshungary.com\/de\/wp-json\/wp\/v2\/comments?post=759963"}],"version-history":[{"count":0,"href":"https:\/\/dailynewshungary.com\/de\/wp-json\/wp\/v2\/posts\/759963\/revisions"}],"wp:featuredmedia":[{"embeddable":true,"href":"https:\/\/dailynewshungary.com\/de\/wp-json\/wp\/v2\/media\/759964"}],"wp:attachment":[{"href":"https:\/\/dailynewshungary.com\/de\/wp-json\/wp\/v2\/media?parent=759963"}],"wp:term":[{"taxonomy":"category","embeddable":true,"href":"https:\/\/dailynewshungary.com\/de\/wp-json\/wp\/v2\/categories?post=759963"},{"taxonomy":"post_tag","embeddable":true,"href":"https:\/\/dailynewshungary.com\/de\/wp-json\/wp\/v2\/tags?post=759963"}],"curies":[{"name":"wp","href":"https:\/\/api.w.org\/{rel}","templated":true}]}}