{"id":760039,"date":"2016-03-14T23:00:00","date_gmt":"2016-03-14T22:00:00","guid":{"rendered":"https:\/\/dailynewshungary.com\/de\/ungarns-ausenminister-fordert-pragmatismus-gegenseitigen-respekt-in-den-beziehungen-zwischen-der-eu-und-russland\/"},"modified":"2016-03-14T23:00:00","modified_gmt":"2016-03-14T22:00:00","slug":"ungarns-ausenminister-fordert-pragmatismus-gegenseitigen-respekt-in-den-beziehungen-zwischen-der-eu-und-russland","status":"publish","type":"post","link":"https:\/\/dailynewshungary.com\/de\/ungarns-ausenminister-fordert-pragmatismus-gegenseitigen-respekt-in-den-beziehungen-zwischen-der-eu-und-russland\/","title":{"rendered":"Ungarns Au\u00dfenminister fordert Pragmatismus, gegenseitigen Respekt in den Beziehungen zwischen der EU und Russland"},"content":{"rendered":"<p><strong>Br\u00fcssel, den 14. M\u00e4rz (MTI) (Ausgangspunkt der Beziehungen der Europ\u00e4ischen Union zu Russland sollte ein pragmatischer Dialog sein, der auf gesundem Menschenverstand und gegenseitigem Respekt aufbaut, sagte der ungarische Au\u00dfenminister P\u00e9ter Szijj\u00e1rt\u00f3 am Montag in Br\u00fcssel.<\/strong><\/p>\n<p>Auf einer Pressekonferenz am Rande eines Treffens der EU-Au\u00dfenminister sagte Szijj\u00e1rt\u00f3, dass Europas Interessen neben dem Dialog mit Russland auch in der Entstehung einer friedlichen Ukraine und der Forderung nach der M\u00f6glichkeit eines umfassenden Handelsabkommens zwischen der EU und Russland l\u00e4gen.<\/p>\n<p>Der Minister f\u00fcgte hinzu, dass die Bew\u00e4ltigung globaler Herausforderungen durch die Zusammenarbeit mit Russland einfacher sei.<\/p>\n<p>Er sagte, die EU sollte anerkennen, dass ihre Wirtschaftssanktionen gegen Russland auch den Volkswirtschaften der Ukraine und bestimmter EU-Mitgliedstaaten schaden, darunter Ungarn, das seiner Meinung nach seit der Umsetzung der Sanktionen Verluste in H\u00f6he von 4,5 Milliarden US-Dollar erlitten habe. Er sagte, dass dies der Fall sei Um die europ\u00e4ische Einheit zu wahren, m\u00fcsse allen Sanktionen gegen Russland eine politische Debatte auf EU-Ebene vorausgehen.<\/p>\n<p>Szijj\u00e1rt\u00f3 forderte \u201eein Ende der Doppelmoral\u201cdie seiner Meinung nach ausschlaggebend daf\u00fcr sei, ob ein Mitgliedstaat auf der Grundlage der wirtschaftlichen Macht dieses Landes Gespr\u00e4che mit Russland f\u00fchren k\u00f6nne.<\/p>\n<p>Zum Thema Minsker Abkommen sagte Szijj\u00e1rt\u00f3, sowohl prorussische Separatisten in der Ukraine als auch die Regierungstruppen h\u00e4tten sich nicht vollst\u00e4ndig an das Abkommen gehalten.<\/p>\n<p>In Bezug auf den Iran sagte er, das im letzten Jahr unterzeichnete Atomabkommen sei ein Beweis f\u00fcr die Macht der multilateralen DiplomatieDas Interesse Europas liege in der Stabilit\u00e4t im Nahen Osten, f\u00fcr die auch die Rolle Teherans von entscheidender Bedeutung sei, f\u00fcgte er hinzu.<\/p>\n","protected":false},"excerpt":{"rendered":"<p>Br\u00fcssel, den 14. M\u00e4rz (MTI) (Ausgangspunkt der Beziehungen der Europ\u00e4ischen Union zu Russland sollte ein pragmatischer Dialog sein, der auf gesundem Menschenverstand und gegenseitigem Respekt aufbaut, sagte der ungarische Au\u00dfenminister P\u00e9ter Szijj\u00e1rt\u00f3 am Montag in Br\u00fcssel. Auf einer Pressekonferenz am Rande eines Treffens der EU-Au\u00dfenminister sagte Szijj\u00e1rt\u00f3, dass Europas Interessen neben dem Dialog mit Russland [&hellip;]<\/p>\n","protected":false},"author":2,"featured_media":760040,"comment_status":"open","ping_status":"open","sticky":false,"template":"","format":"standard","meta":{"_acf_changed":false,"_display_image":"","footnotes":""},"categories":[1081],"tags":[1169,1082,1580,1209],"class_list":["post-760039","post","type-post","status-publish","format-standard","has-post-thumbnail","hentry","category-politik","tag-aussenministerium-von-ungarn","tag-europaische-union","tag-naher-osten","tag-russland"],"blocksy_meta":[],"acf":[],"author_username":"alk","telegram_post":"","public_post_metadata":{"breaking_news":"","important":"","csempe":"","center_tile":"","disable_thumbnail":"","target_lang":"","_featured_image_style":"","telegram_post":"","_xlat_group_id":""},"public_rank_math_data":{"title":"%title% %sep% %sitename%","description":"","focus_keyword":"","canonical_url":"","robots":"","primary_category":"1081","breadcrumb_title":"","facebook_title":"","facebook_description":"","facebook_image":"","facebook_image_id":"","twitter_title":"","twitter_description":"","twitter_image":"","twitter_image_id":"","twitter_card_type":"","twitter_use_facebook":"","advanced_robots":"","pillar_content":"","seo_score":"","contentai_score":"","rich_snippet":""},"_links":{"self":[{"href":"https:\/\/dailynewshungary.com\/de\/wp-json\/wp\/v2\/posts\/760039","targetHints":{"allow":["GET"]}}],"collection":[{"href":"https:\/\/dailynewshungary.com\/de\/wp-json\/wp\/v2\/posts"}],"about":[{"href":"https:\/\/dailynewshungary.com\/de\/wp-json\/wp\/v2\/types\/post"}],"author":[{"embeddable":true,"href":"https:\/\/dailynewshungary.com\/de\/wp-json\/wp\/v2\/users\/2"}],"replies":[{"embeddable":true,"href":"https:\/\/dailynewshungary.com\/de\/wp-json\/wp\/v2\/comments?post=760039"}],"version-history":[{"count":0,"href":"https:\/\/dailynewshungary.com\/de\/wp-json\/wp\/v2\/posts\/760039\/revisions"}],"wp:featuredmedia":[{"embeddable":true,"href":"https:\/\/dailynewshungary.com\/de\/wp-json\/wp\/v2\/media\/760040"}],"wp:attachment":[{"href":"https:\/\/dailynewshungary.com\/de\/wp-json\/wp\/v2\/media?parent=760039"}],"wp:term":[{"taxonomy":"category","embeddable":true,"href":"https:\/\/dailynewshungary.com\/de\/wp-json\/wp\/v2\/categories?post=760039"},{"taxonomy":"post_tag","embeddable":true,"href":"https:\/\/dailynewshungary.com\/de\/wp-json\/wp\/v2\/tags?post=760039"}],"curies":[{"name":"wp","href":"https:\/\/api.w.org\/{rel}","templated":true}]}}