{"id":760049,"date":"2016-03-14T17:57:37","date_gmt":"2016-03-14T16:57:37","guid":{"rendered":"https:\/\/dailynewshungary.com\/de\/treffen-auslandischer-minsitter-der-eu-in-brussel-szijjarto-eu-turkei-abkommen-hat-seine-relevanz-verloren\/"},"modified":"2016-03-14T17:57:37","modified_gmt":"2016-03-14T16:57:37","slug":"treffen-auslandischer-minsitter-der-eu-in-brussel-szijjarto-eu-turkei-abkommen-hat-seine-relevanz-verloren","status":"publish","type":"post","link":"https:\/\/dailynewshungary.com\/de\/treffen-auslandischer-minsitter-der-eu-in-brussel-szijjarto-eu-turkei-abkommen-hat-seine-relevanz-verloren\/","title":{"rendered":"Treffen ausl\u00e4ndischer Minsitter der EU in Br\u00fcssel \u2013 Szijj\u00e1rt\u00f3: EU-T\u00fcrkei-Abkommen hat seine Relevanz verloren"},"content":{"rendered":"<p><strong>Br\u00fcssel, den 14. M\u00e4rz (MTI) \u2013 Das Abkommen \u00fcber Migranten zwischen der Europ\u00e4ischen Union und der T\u00fcrkei hat seit der j\u00fcngsten Schlie\u00dfung der Balkanroute seine Relevanz verloren, sagte Au\u00dfenminister P\u00e9ter Szijj\u00e1rt\u00f3 am Montag vor einem Treffen der EU-Kollegen in Br\u00fcssel.<\/strong><\/p>\n<p>Er sagte, eine neue Situation sei entstanden, als die L\u00e4nder des Westbalkans beschlossen h\u00e4tten, ihre eigenen Grenzen zu sch\u00fctzen und illegale Grenz\u00fcbertritte \u00fcber die sogenannte gr\u00fcne Grenze zu vereiteln.<\/p>\n<p>Die ungarische Regierung sei der Ansicht, dass L\u00f6sungen f\u00fcr diese neue Situation geeignet sein sollten, sagte er. Anstelle des mutma\u00dflichen Abkommens mit Ankara sollte ein Plan aus drei Elementen bestehen, die mit einem Umdenken dar\u00fcber verbunden sind, wie die 3 Milliarden Euro ausgegeben werden, die Europa der T\u00fcrkei zu \u00fcbergeben versprochen hat, sagte der Minister.<\/p>\n<p>Erstens geht es darum, die westlichen Balkanl\u00e4nder dabei zu unterst\u00fctzen, ihre Bem\u00fchungen zum Schutz ihrer Grenzen aufrechtzuerhalten Zweitens sollte Griechenland Unterst\u00fctzung erhalten, damit es gemeinsame europ\u00e4ische Vorschriften einhalten und Hotspots einrichten und unterhalten kann. Schlie\u00dflich sollte anerkannt werden, dass \u201ces nicht in unserer Verantwortung liegt, eine europ\u00e4ische Lebensqualit\u00e4t f\u00fcr Migranten zu gew\u00e4hrleisten\u201d, die sich auf den Kontinent begeben \u201cStattdessen sollten wir ihnen helfen, ihr fr\u00fcheres Leben so schnell wie m\u00f6glich wiederherzustellen\u201d Aus diesem Grund sollte der T\u00fcrkei, Jordanien, dem Libanon und der kurdischen Region Irak Unterst\u00fctzung angeboten werden, damit sie dort Fl\u00fcchtlinge betreuen k\u00f6nnen, sagte Szijj\u00e1rt\u00f3.<\/p>\n<p><img loading=\"lazy\" decoding=\"async\" class=\"size-full wp-image-35948 aligncenter\" src=\"https:\/\/dailynewshungary.com\/wp-content\/uploads\/2016\/03\/poland-hungary.jpg\" alt=\"Poland-ungarn\" width=\"600\" height=\"400\" srcset=\"https:\/\/contentf5.dailynewshungary.com\/wp-content\/uploads\/2016\/03\/poland-hungary.jpg 600w, https:\/\/contentf5.dailynewshungary.com\/wp-content\/uploads\/2016\/03\/poland-hungary-300x200.jpg 300w\" sizes=\"auto, (max-width: 600px) 100vw, 600px\"><\/p>\n<p>Ungarn halte den Plan, Fl\u00fcchtlinge nach Europa zu \u00fcberstellen, und die damit verbundenen Pl\u00e4ne, sie auf die Mitgliedstaaten zu verteilen, weiterhin f\u00fcr inakzeptabel, sagte er.<\/p>\n<p>Der Hohe Vertreter der EU f\u00fcr Au\u00dfen- und Sicherheitspolitik verteilte vor der Ratssitzung einen Brief, in dem er unter anderem darauf hinwies, dass die Lage im Irak und in Libyen so sei, dass der Druck der Migranten auf Europa mit Sicherheit zunehmen werde, sagte Szijjarto.<\/p>\n<p><em>Foto: MTI<\/em><\/p>\n","protected":false},"excerpt":{"rendered":"<p>Br\u00fcssel, den 14. M\u00e4rz (MTI) \u2013 Das Abkommen \u00fcber Migranten zwischen der Europ\u00e4ischen Union und der T\u00fcrkei hat seit der j\u00fcngsten Schlie\u00dfung der Balkanroute seine Relevanz verloren, sagte Au\u00dfenminister P\u00e9ter Szijj\u00e1rt\u00f3 am Montag vor einem Treffen der EU-Kollegen in Br\u00fcssel. Er sagte, eine neue Situation sei entstanden, als die L\u00e4nder des Westbalkans beschlossen h\u00e4tten, ihre [&hellip;]<\/p>\n","protected":false},"author":2,"featured_media":760050,"comment_status":"open","ping_status":"open","sticky":false,"template":"","format":"standard","meta":{"_acf_changed":false,"_display_image":"","footnotes":""},"categories":[1081],"tags":[1169,1082],"class_list":["post-760049","post","type-post","status-publish","format-standard","has-post-thumbnail","hentry","category-politik","tag-aussenministerium-von-ungarn","tag-europaische-union"],"blocksy_meta":[],"acf":[],"author_username":"alk","telegram_post":"","public_post_metadata":{"breaking_news":"","important":"","csempe":"","center_tile":"","disable_thumbnail":"","target_lang":"","_featured_image_style":"","telegram_post":"","_xlat_group_id":""},"public_rank_math_data":{"title":"%title% %sep% %sitename%","description":"","focus_keyword":"","canonical_url":"","robots":"","primary_category":"1081","breadcrumb_title":"","facebook_title":"","facebook_description":"","facebook_image":"","facebook_image_id":"","twitter_title":"","twitter_description":"","twitter_image":"","twitter_image_id":"","twitter_card_type":"","twitter_use_facebook":"","advanced_robots":"","pillar_content":"","seo_score":"","contentai_score":"","rich_snippet":""},"_links":{"self":[{"href":"https:\/\/dailynewshungary.com\/de\/wp-json\/wp\/v2\/posts\/760049","targetHints":{"allow":["GET"]}}],"collection":[{"href":"https:\/\/dailynewshungary.com\/de\/wp-json\/wp\/v2\/posts"}],"about":[{"href":"https:\/\/dailynewshungary.com\/de\/wp-json\/wp\/v2\/types\/post"}],"author":[{"embeddable":true,"href":"https:\/\/dailynewshungary.com\/de\/wp-json\/wp\/v2\/users\/2"}],"replies":[{"embeddable":true,"href":"https:\/\/dailynewshungary.com\/de\/wp-json\/wp\/v2\/comments?post=760049"}],"version-history":[{"count":0,"href":"https:\/\/dailynewshungary.com\/de\/wp-json\/wp\/v2\/posts\/760049\/revisions"}],"wp:featuredmedia":[{"embeddable":true,"href":"https:\/\/dailynewshungary.com\/de\/wp-json\/wp\/v2\/media\/760050"}],"wp:attachment":[{"href":"https:\/\/dailynewshungary.com\/de\/wp-json\/wp\/v2\/media?parent=760049"}],"wp:term":[{"taxonomy":"category","embeddable":true,"href":"https:\/\/dailynewshungary.com\/de\/wp-json\/wp\/v2\/categories?post=760049"},{"taxonomy":"post_tag","embeddable":true,"href":"https:\/\/dailynewshungary.com\/de\/wp-json\/wp\/v2\/tags?post=760049"}],"curies":[{"name":"wp","href":"https:\/\/api.w.org\/{rel}","templated":true}]}}