{"id":760067,"date":"2016-03-13T21:45:03","date_gmt":"2016-03-13T20:45:03","guid":{"rendered":"https:\/\/dailynewshungary.com\/de\/oberstes-gericht-soll-bis-zum-8-april-uber-eine-anderung-der-zentralbank-entscheiden\/"},"modified":"2016-03-13T21:45:03","modified_gmt":"2016-03-13T20:45:03","slug":"oberstes-gericht-soll-bis-zum-8-april-uber-eine-anderung-der-zentralbank-entscheiden","status":"publish","type":"post","link":"https:\/\/dailynewshungary.com\/de\/oberstes-gericht-soll-bis-zum-8-april-uber-eine-anderung-der-zentralbank-entscheiden\/","title":{"rendered":"Oberstes Gericht soll bis zum 8. April \u00fcber eine \u00c4nderung der Zentralbank entscheiden"},"content":{"rendered":"<p><strong>Budapest, 13. M\u00e4rz (MTI) \u2013 Das Verfassungsgericht wird voraussichtlich bis zum 8. April \u00fcber einen Antrag auf \u00dcberpr\u00fcfung zweier Gesetzes\u00e4nderungen durch Pr\u00e4sident J\u00e1nos \u00c1der entscheiden, sagte der Generalsekret\u00e4r des obersten Gerichts am Sonntag.<\/strong><\/p>\n<p>\u00c1der forderte eine \u00dcberpr\u00fcfung des ge\u00e4nderten Zentralbankgesetzes, da die \u00c4nderungen nicht im Einklang mit den Verfassungsnormen zur Verwaltung \u00f6ffentlicher Gelder und zum Umgang mit Daten von \u00f6ffentlichem Interesse st\u00fcnden, sagte Botond Bitskey gegen\u00fcber MTI. \u00c1der bem\u00e4ngelte auch die r\u00fcckwirkende Wirkung des Gesetzes, die die gleichen Bedenken darstellte, die er in Bezug auf ein anderes ge\u00e4ndertes Gesetz, das \u00fcber Postdienste, ge\u00e4u\u00dfert hatte.<\/p>\n<p>Das ge\u00e4nderte Zentralbankgesetz zielt darauf ab, den \u00f6ffentlichen Zugang zu Daten \u00fcber Stiftungen und Unternehmen im Besitz der Zentralbank auf 10 Jahre zu verbieten. Die Bef\u00fcrworter der \u00c4nderung argumentierten, dass Verm\u00f6genswerte, die bei Stiftungen und Unternehmen gehalten werden, von \u00f6ffentlichen Mitteln getrennt seien, Kritiker sagen jedoch, dass diese Daten auch f\u00fcr die \u00d6ffentlichkeit zug\u00e4nglich sein sollten. Parlamentspr\u00e4sident Laszl\u00f3 K\u00f6v\u00e9r und Leiter der nationalen Datenschutzbeh\u00f6rde Attila P\u00e9terfalvi geh\u00f6rten zu denen, die die vorgeschlagene Einschr\u00e4nkung des Datenzugangs kritisierten.<\/p>\n<p>Ebenso w\u00fcrde das ge\u00e4nderte Gesetz \u00fcber Postdienste auch den Zugang zu Daten \u00fcber marktorientierte Finanzen bei der ungarischen Post einschr\u00e4nken.<\/p>\n<p>Das oberste Gericht k\u00f6nne nur die Teile des \u00c4nderungsantrags \u00fcberpr\u00fcfen, die im Zusammenhang mit den Bedenken stehen, die Ader damit ge\u00e4u\u00dfert habe, oder \u201cjeden anderen Teil, der in engem Zusammenhang steht\u201d mit den befragten Teilen, sagte BitskeyDas Verfassungsgericht habe derzeit nur 13 statt bisher 15 Mitglieder, da das Mandat des ehemaligen Gerichtschefs P\u00e9ter Paczolay im vergangenen Februar ausgelaufen sei und das Mandat von L\u00e1szl\u00f3 Kiss am vergangenen Donnerstag abgelaufen seiDas Parlament habe noch nicht f\u00fcr ihre Nachfolger gestimmtIn der zweiten Aprilh\u00e4lfte w\u00fcrden auch die Mandate von zwei weiteren Mitgliedern auslaufen, sagte er.<\/p>\n","protected":false},"excerpt":{"rendered":"<p>Budapest, 13. M\u00e4rz (MTI) \u2013 Das Verfassungsgericht wird voraussichtlich bis zum 8. April \u00fcber einen Antrag auf \u00dcberpr\u00fcfung zweier Gesetzes\u00e4nderungen durch Pr\u00e4sident J\u00e1nos \u00c1der entscheiden, sagte der Generalsekret\u00e4r des obersten Gerichts am Sonntag. \u00c1der forderte eine \u00dcberpr\u00fcfung des ge\u00e4nderten Zentralbankgesetzes, da die \u00c4nderungen nicht im Einklang mit den Verfassungsnormen zur Verwaltung \u00f6ffentlicher Gelder und zum [&hellip;]<\/p>\n","protected":false},"author":2,"featured_media":760068,"comment_status":"open","ping_status":"open","sticky":false,"template":"","format":"standard","meta":{"_acf_changed":false,"_display_image":"","footnotes":""},"categories":[1281],"tags":[1256,1198,1104],"class_list":["post-760067","post","type-post","status-publish","format-standard","has-post-thumbnail","hentry","category-geschaft","tag-nationalbank-von-ungarn","tag-prasident-von-ungarn","tag-wirtschaft"],"blocksy_meta":[],"acf":[],"author_username":"alk","telegram_post":"","public_post_metadata":{"breaking_news":"","important":"","csempe":"","center_tile":"","disable_thumbnail":"","target_lang":"","_featured_image_style":"","telegram_post":"","_xlat_group_id":""},"public_rank_math_data":{"title":"%title% %sep% %sitename%","description":"","focus_keyword":"","canonical_url":"","robots":"","primary_category":"1281","breadcrumb_title":"","facebook_title":"","facebook_description":"","facebook_image":"","facebook_image_id":"","twitter_title":"","twitter_description":"","twitter_image":"","twitter_image_id":"","twitter_card_type":"","twitter_use_facebook":"","advanced_robots":"","pillar_content":"","seo_score":"","contentai_score":"","rich_snippet":""},"_links":{"self":[{"href":"https:\/\/dailynewshungary.com\/de\/wp-json\/wp\/v2\/posts\/760067","targetHints":{"allow":["GET"]}}],"collection":[{"href":"https:\/\/dailynewshungary.com\/de\/wp-json\/wp\/v2\/posts"}],"about":[{"href":"https:\/\/dailynewshungary.com\/de\/wp-json\/wp\/v2\/types\/post"}],"author":[{"embeddable":true,"href":"https:\/\/dailynewshungary.com\/de\/wp-json\/wp\/v2\/users\/2"}],"replies":[{"embeddable":true,"href":"https:\/\/dailynewshungary.com\/de\/wp-json\/wp\/v2\/comments?post=760067"}],"version-history":[{"count":0,"href":"https:\/\/dailynewshungary.com\/de\/wp-json\/wp\/v2\/posts\/760067\/revisions"}],"wp:featuredmedia":[{"embeddable":true,"href":"https:\/\/dailynewshungary.com\/de\/wp-json\/wp\/v2\/media\/760068"}],"wp:attachment":[{"href":"https:\/\/dailynewshungary.com\/de\/wp-json\/wp\/v2\/media?parent=760067"}],"wp:term":[{"taxonomy":"category","embeddable":true,"href":"https:\/\/dailynewshungary.com\/de\/wp-json\/wp\/v2\/categories?post=760067"},{"taxonomy":"post_tag","embeddable":true,"href":"https:\/\/dailynewshungary.com\/de\/wp-json\/wp\/v2\/tags?post=760067"}],"curies":[{"name":"wp","href":"https:\/\/api.w.org\/{rel}","templated":true}]}}