{"id":760161,"date":"2016-03-10T11:00:11","date_gmt":"2016-03-10T10:00:11","guid":{"rendered":"https:\/\/dailynewshungary.com\/de\/laut-einer-eurostat-umfrage-steigt-das-interesse-an-eu-politik\/"},"modified":"2016-03-10T11:00:11","modified_gmt":"2016-03-10T10:00:11","slug":"laut-einer-eurostat-umfrage-steigt-das-interesse-an-eu-politik","status":"publish","type":"post","link":"https:\/\/dailynewshungary.com\/de\/laut-einer-eurostat-umfrage-steigt-das-interesse-an-eu-politik\/","title":{"rendered":"Laut einer Eurostat-Umfrage steigt das Interesse an EU-Politik"},"content":{"rendered":"<p><strong>Budapest, 10. M\u00e4rz (MTI) \u2013 Laut einer am Mittwoch ver\u00f6ffentlichten Meinungsumfrage von Eurobarometer ist das Interesse an der Politik der Europ\u00e4ischen Union auch bei Ungarn und B\u00fcrgern der Mitgliedstaaten gestiegen.<\/strong><\/p>\n<p>Ganze 53 Prozent der ungarischen Befragten gaben an, an der Politik der EU interessiert zu sein, im Vergleich zu durchschnittlich 54 Prozent im gesamten Block. Beide Zahlen stiegen im Vergleich zum vorherigen Jahresbericht um mehr als 10 Punkte.<\/p>\n<p>Die Zugeh\u00f6rigkeit zur Europ\u00e4ischen Union war im Durchschnitt f\u00fcr 55 Prozent der Befragten wichtig, in Ungarn jedoch nur f\u00fcr 46 ProzentSieben von zehn Befragten in Europa empfanden es als mehr einignend als einteilend.<\/p>\n<p>Ganze 80 Prozent der Europ\u00e4er waren der Meinung, dass Asylsuchende besser auf die EU-Mitgliedstaaten verteilt werden sollten, und drei Viertel von ihnen waren der Meinung, dass verbindliche Quoten als Leitfaden f\u00fcr diesen Prozess genehmigt werden sollten. Etwa 51 Prozent der Befragten gaben an, dass ihr Land legale Einwanderer ben\u00f6tige, aber in 11 Staaten, darunter Ungarn, teilte die Mehrheit diese Meinung nicht. W\u00e4hrend in den EU-L\u00e4ndern durchschnittlich 56 Prozent der Einwohner es f\u00fcr gut halten, dass Menschen anderer Nationalit\u00e4ten in ihrem Land leben, wurde diese Meinung in 11 Staaten, darunter Ungarn, auch von der Mehrheit nicht unterst\u00fctzt.<\/p>\n<p>Die Umfrage wurde im September letzten Jahres durchgef\u00fchrt.<\/p>\n","protected":false},"excerpt":{"rendered":"<p>Budapest, 10. M\u00e4rz (MTI) \u2013 Laut einer am Mittwoch ver\u00f6ffentlichten Meinungsumfrage von Eurobarometer ist das Interesse an der Politik der Europ\u00e4ischen Union auch bei Ungarn und B\u00fcrgern der Mitgliedstaaten gestiegen. Ganze 53 Prozent der ungarischen Befragten gaben an, an der Politik der EU interessiert zu sein, im Vergleich zu durchschnittlich 54 Prozent im gesamten Block. [&hellip;]<\/p>\n","protected":false},"author":6,"featured_media":760162,"comment_status":"open","ping_status":"open","sticky":false,"template":"","format":"standard","meta":{"_acf_changed":false,"_display_image":"","footnotes":""},"categories":[1081],"tags":[1082,1139],"class_list":["post-760161","post","type-post","status-publish","format-standard","has-post-thumbnail","hentry","category-politik","tag-europaische-union","tag-umfrage"],"blocksy_meta":[],"acf":[],"author_username":"audreys","telegram_post":"","public_post_metadata":{"breaking_news":"","important":"","csempe":"","center_tile":"","disable_thumbnail":"","target_lang":"","_featured_image_style":"","telegram_post":"","_xlat_group_id":""},"public_rank_math_data":{"title":"%title% %sep% %sitename%","description":"","focus_keyword":"","canonical_url":"","robots":"","primary_category":"1081","breadcrumb_title":"","facebook_title":"","facebook_description":"","facebook_image":"","facebook_image_id":"","twitter_title":"","twitter_description":"","twitter_image":"","twitter_image_id":"","twitter_card_type":"","twitter_use_facebook":"","advanced_robots":"","pillar_content":"","seo_score":"","contentai_score":"","rich_snippet":""},"_links":{"self":[{"href":"https:\/\/dailynewshungary.com\/de\/wp-json\/wp\/v2\/posts\/760161","targetHints":{"allow":["GET"]}}],"collection":[{"href":"https:\/\/dailynewshungary.com\/de\/wp-json\/wp\/v2\/posts"}],"about":[{"href":"https:\/\/dailynewshungary.com\/de\/wp-json\/wp\/v2\/types\/post"}],"author":[{"embeddable":true,"href":"https:\/\/dailynewshungary.com\/de\/wp-json\/wp\/v2\/users\/6"}],"replies":[{"embeddable":true,"href":"https:\/\/dailynewshungary.com\/de\/wp-json\/wp\/v2\/comments?post=760161"}],"version-history":[{"count":0,"href":"https:\/\/dailynewshungary.com\/de\/wp-json\/wp\/v2\/posts\/760161\/revisions"}],"wp:featuredmedia":[{"embeddable":true,"href":"https:\/\/dailynewshungary.com\/de\/wp-json\/wp\/v2\/media\/760162"}],"wp:attachment":[{"href":"https:\/\/dailynewshungary.com\/de\/wp-json\/wp\/v2\/media?parent=760161"}],"wp:term":[{"taxonomy":"category","embeddable":true,"href":"https:\/\/dailynewshungary.com\/de\/wp-json\/wp\/v2\/categories?post=760161"},{"taxonomy":"post_tag","embeddable":true,"href":"https:\/\/dailynewshungary.com\/de\/wp-json\/wp\/v2\/tags?post=760161"}],"curies":[{"name":"wp","href":"https:\/\/api.w.org\/{rel}","templated":true}]}}