{"id":760262,"date":"2016-03-05T20:50:48","date_gmt":"2016-03-05T19:50:48","guid":{"rendered":"https:\/\/dailynewshungary.com\/de\/ungarn-und-aserbaidschan-vereinbaren-die-zusammenarbeit-im-arzneimittelbereich-auszubauen\/"},"modified":"2016-03-05T20:50:48","modified_gmt":"2016-03-05T19:50:48","slug":"ungarn-und-aserbaidschan-vereinbaren-die-zusammenarbeit-im-arzneimittelbereich-auszubauen","status":"publish","type":"post","link":"https:\/\/dailynewshungary.com\/de\/ungarn-und-aserbaidschan-vereinbaren-die-zusammenarbeit-im-arzneimittelbereich-auszubauen\/","title":{"rendered":"Ungarn und Aserbaidschan vereinbaren, die Zusammenarbeit im Arzneimittelbereich auszubauen"},"content":{"rendered":"<p><strong>Budapest, 5. M\u00e4rz (MTI) \u2013 Ungarns Wirtschaftsminister Mih\u00e1ly Varga und sein aserbaidschanischer Amtskollege Shahin Mustafayev einigten sich bei einem Treffen am Samstag in Baku darauf, die Zusammenarbeit ihrer L\u00e4nder im Arzneimittelbereich auszuweiten und auch auf andere Bereiche auszuweiten, berichtete das Wirtschaftsministerium.<\/strong><\/p>\n<p>Ungarische Unternehmen seien bereit, sich an der Entwicklung der pharmazeutischen Produktion in Aserbaidschan zu beteiligen und seien an der Gr\u00fcndung von Joint Ventures interessiert, sagte Varga nach den Gespr\u00e4chenDa auf Arzneimittel fast die H\u00e4lfte der mehr als 65 Millionen Dollar ungarischen Exporte nach Aserbaidschan im vergangenen Jahr entfielen, f\u00fcgte er hinzu.<\/p>\n<p>Varga schlug vor, die Zusammenarbeit im Arzneimittelbereich auf andere Sektoren auszudehnen, um den Handel anzukurbeln. Er f\u00fcgte hinzu, dass die Einf\u00fchrung eines Direktfluges zwischen Baku und Budapest Ende M\u00e4rz bessere Gesch\u00e4ftsbeziehungen unterst\u00fctzen und den Tourismus ankurbeln w\u00fcrde.<\/p>\n<p>Varga unterzeichnete au\u00dferdem eine Absichtserkl\u00e4rung zum Austausch von Informationen und Erfahrungen zum Thema Besch\u00e4ftigung mit dem aserbaidschanischen Arbeitsminister Salim Muslimov.<\/p>\n<p>Varga ist zwei Tage in Baku und reist mit einer Delegation unter der Leitung von Premierminister Viktor Orb\u00e1n.<\/p>\n<p><em>Foto: MTI<\/em><\/p>\n","protected":false},"excerpt":{"rendered":"<p>Budapest, 5. M\u00e4rz (MTI) \u2013 Ungarns Wirtschaftsminister Mih\u00e1ly Varga und sein aserbaidschanischer Amtskollege Shahin Mustafayev einigten sich bei einem Treffen am Samstag in Baku darauf, die Zusammenarbeit ihrer L\u00e4nder im Arzneimittelbereich auszuweiten und auch auf andere Bereiche auszuweiten, berichtete das Wirtschaftsministerium. Ungarische Unternehmen seien bereit, sich an der Entwicklung der pharmazeutischen Produktion in Aserbaidschan zu [&hellip;]<\/p>\n","protected":false},"author":2,"featured_media":760263,"comment_status":"open","ping_status":"open","sticky":false,"template":"","format":"standard","meta":{"_acf_changed":false,"_display_image":"","footnotes":""},"categories":[1281],"tags":[1237,1104],"class_list":["post-760262","post","type-post","status-publish","format-standard","has-post-thumbnail","hentry","category-geschaft","tag-aserbaidschan","tag-wirtschaft"],"blocksy_meta":[],"acf":[],"author_username":"alk","telegram_post":"","public_post_metadata":{"breaking_news":"","important":"","csempe":"","center_tile":"","disable_thumbnail":"","target_lang":"","_featured_image_style":"","telegram_post":"","_xlat_group_id":""},"public_rank_math_data":{"title":"%title% %sep% %sitename%","description":"","focus_keyword":"","canonical_url":"","robots":"","primary_category":"1281","breadcrumb_title":"","facebook_title":"","facebook_description":"","facebook_image":"","facebook_image_id":"","twitter_title":"","twitter_description":"","twitter_image":"","twitter_image_id":"","twitter_card_type":"","twitter_use_facebook":"","advanced_robots":"","pillar_content":"","seo_score":"","contentai_score":"","rich_snippet":""},"_links":{"self":[{"href":"https:\/\/dailynewshungary.com\/de\/wp-json\/wp\/v2\/posts\/760262","targetHints":{"allow":["GET"]}}],"collection":[{"href":"https:\/\/dailynewshungary.com\/de\/wp-json\/wp\/v2\/posts"}],"about":[{"href":"https:\/\/dailynewshungary.com\/de\/wp-json\/wp\/v2\/types\/post"}],"author":[{"embeddable":true,"href":"https:\/\/dailynewshungary.com\/de\/wp-json\/wp\/v2\/users\/2"}],"replies":[{"embeddable":true,"href":"https:\/\/dailynewshungary.com\/de\/wp-json\/wp\/v2\/comments?post=760262"}],"version-history":[{"count":0,"href":"https:\/\/dailynewshungary.com\/de\/wp-json\/wp\/v2\/posts\/760262\/revisions"}],"wp:featuredmedia":[{"embeddable":true,"href":"https:\/\/dailynewshungary.com\/de\/wp-json\/wp\/v2\/media\/760263"}],"wp:attachment":[{"href":"https:\/\/dailynewshungary.com\/de\/wp-json\/wp\/v2\/media?parent=760262"}],"wp:term":[{"taxonomy":"category","embeddable":true,"href":"https:\/\/dailynewshungary.com\/de\/wp-json\/wp\/v2\/categories?post=760262"},{"taxonomy":"post_tag","embeddable":true,"href":"https:\/\/dailynewshungary.com\/de\/wp-json\/wp\/v2\/tags?post=760262"}],"curies":[{"name":"wp","href":"https:\/\/api.w.org\/{rel}","templated":true}]}}