{"id":760329,"date":"2016-03-03T09:10:33","date_gmt":"2016-03-03T08:10:33","guid":{"rendered":"https:\/\/dailynewshungary.com\/de\/das-vermogen-der-cbank-stiftungen-offentlich-sagt-der-sprecher-des-reprasentantenhauses\/"},"modified":"2016-03-03T09:10:33","modified_gmt":"2016-03-03T08:10:33","slug":"das-vermogen-der-cbank-stiftungen-offentlich-sagt-der-sprecher-des-reprasentantenhauses","status":"publish","type":"post","link":"https:\/\/dailynewshungary.com\/de\/das-vermogen-der-cbank-stiftungen-offentlich-sagt-der-sprecher-des-reprasentantenhauses\/","title":{"rendered":"Das Verm\u00f6gen der Cbank-Stiftungen \u00f6ffentlich, sagt der Sprecher des Repr\u00e4sentantenhauses"},"content":{"rendered":"<p><strong>Budapest, 2. M\u00e4rz (MTI) \u2013 Die von Stiftungen der Ungarischen Nationalbank verwalteten Verm\u00f6genswerte sind als \u00f6ffentliche Mittel zu betrachten, sagte L\u00e1szl\u00f3 K\u00f6v\u00e9r, Sprecher des ungarischen Repr\u00e4sentantenhauses, am Mittwoch dem Ungarischen Katholischen Rundfunk.<\/strong><\/p>\n<p>\u201cWas sollen sie sonst sein?\u201d, beantwortete K\u00f6v\u00e9r eine Frage im Zusammenhang mit einer k\u00fcrzlich erfolgten \u00c4nderung, nach der die Zentralbank den Zugang zu Informationen \u00fcber solche Fonds verweigern k\u00f6nnte, weil sie, sobald sie einer Stiftung gespendet w\u00fcrden, \u201cihren Charakter als \u00f6ffentliches Verm\u00f6gen verlieren\u201d w\u00fcrden.<\/p>\n<p>Zu einem anderen Thema w\u00fcrdigte K\u00f6v\u00e9r kritische Bemerkungen bez\u00fcglich der \u00f6ffentlichen Bildung und sagte, dass \u201cdas System sich inzwischen konsolidieren sollte\u201d Er r\u00e4umte ein, dass die Regierung die \u201cseit Jahren offensichtlichen Probleme\u201d nicht bew\u00e4ltigen k\u00f6nne. Er f\u00fcgte hinzu, dass \u201cjetzt die Zeit gekommen ist, in der die Hindernisse f\u00fcr den regul\u00e4ren Betrieb beseitigt werden m\u00fcssen\u201d Er sagte jedoch, dass Schulen nicht an lokale Regierungen zur\u00fcckgegeben werden sollten, weil das fr\u00fchere System \u201cnicht tragf\u00e4hig\u201d sei, und bestand darauf, dass die staatliche Kontrolle \u00fcber den Lehrplan aufrechterhalten werden sollte.<\/p>\n<p>K\u00f6v\u00e9r sagte, er unterst\u00fctze, dass die Belastung der Lehrer verringert werden solle, f\u00fcgte aber hinzu, dass \u201cniemand erwarten d\u00fcrfe, dass die \u00f6ffentliche Bildung frei von jeglicher Kontrolle oder Weisungen sei\u201d Er warnte, dass Lehrer keine \u201cunabh\u00e4ngigen Unternehmer\u201d, sondern \u201cArbeiter der Nation\u201d seienDie Regierung erwarte \u201cmehr Disziplin und Arbeit\u201d als Gegenleistung f\u00fcr \u201cdie gr\u00f6\u00dfte Gehaltserh\u00f6hung f\u00fcr Lehrer aller Zeiten\u201d, betonte er.<\/p>\n<p>Zu einem j\u00fcngsten Vorfall im Nationalen Wahlamt, bei dem eine Gruppe von Schl\u00e4gern angeblich sozialistische Abgeordnete daran gehindert habe, eine Volksbegehrensinitiative einzureichen, sagte K\u00f6v\u00e9r, es gebe \u201cunterschiedliche Interpretationen\u201d dieser Entwicklungen. Er schlug vor, das Volksbegehrengesetz zu \u00e4ndern, um \u201cf\u00fcr eine Demokratie ungeeignete Szenen\u201d zu verhindern.<\/p>\n<p><em>Foto: MTI<\/em><\/p>\n","protected":false},"excerpt":{"rendered":"<p>Budapest, 2. M\u00e4rz (MTI) \u2013 Die von Stiftungen der Ungarischen Nationalbank verwalteten Verm\u00f6genswerte sind als \u00f6ffentliche Mittel zu betrachten, sagte L\u00e1szl\u00f3 K\u00f6v\u00e9r, Sprecher des ungarischen Repr\u00e4sentantenhauses, am Mittwoch dem Ungarischen Katholischen Rundfunk. \u201cWas sollen sie sonst sein?\u201d, beantwortete K\u00f6v\u00e9r eine Frage im Zusammenhang mit einer k\u00fcrzlich erfolgten \u00c4nderung, nach der die Zentralbank den Zugang zu [&hellip;]<\/p>\n","protected":false},"author":2,"featured_media":760330,"comment_status":"open","ping_status":"open","sticky":false,"template":"","format":"standard","meta":{"_acf_changed":false,"_display_image":"","footnotes":""},"categories":[1281],"tags":[1746,1256],"class_list":["post-760329","post","type-post","status-publish","format-standard","has-post-thumbnail","hentry","category-geschaft","tag-hausredner","tag-nationalbank-von-ungarn"],"blocksy_meta":[],"acf":[],"author_username":"alk","telegram_post":"","public_post_metadata":{"breaking_news":"","important":"","csempe":"","center_tile":"","disable_thumbnail":"","target_lang":"","_featured_image_style":"","telegram_post":"","_xlat_group_id":""},"public_rank_math_data":{"title":"%title% %sep% %sitename%","description":"","focus_keyword":"","canonical_url":"","robots":"","primary_category":"1281","breadcrumb_title":"","facebook_title":"","facebook_description":"","facebook_image":"","facebook_image_id":"","twitter_title":"","twitter_description":"","twitter_image":"","twitter_image_id":"","twitter_card_type":"","twitter_use_facebook":"","advanced_robots":"","pillar_content":"","seo_score":"","contentai_score":"","rich_snippet":""},"_links":{"self":[{"href":"https:\/\/dailynewshungary.com\/de\/wp-json\/wp\/v2\/posts\/760329","targetHints":{"allow":["GET"]}}],"collection":[{"href":"https:\/\/dailynewshungary.com\/de\/wp-json\/wp\/v2\/posts"}],"about":[{"href":"https:\/\/dailynewshungary.com\/de\/wp-json\/wp\/v2\/types\/post"}],"author":[{"embeddable":true,"href":"https:\/\/dailynewshungary.com\/de\/wp-json\/wp\/v2\/users\/2"}],"replies":[{"embeddable":true,"href":"https:\/\/dailynewshungary.com\/de\/wp-json\/wp\/v2\/comments?post=760329"}],"version-history":[{"count":0,"href":"https:\/\/dailynewshungary.com\/de\/wp-json\/wp\/v2\/posts\/760329\/revisions"}],"wp:featuredmedia":[{"embeddable":true,"href":"https:\/\/dailynewshungary.com\/de\/wp-json\/wp\/v2\/media\/760330"}],"wp:attachment":[{"href":"https:\/\/dailynewshungary.com\/de\/wp-json\/wp\/v2\/media?parent=760329"}],"wp:term":[{"taxonomy":"category","embeddable":true,"href":"https:\/\/dailynewshungary.com\/de\/wp-json\/wp\/v2\/categories?post=760329"},{"taxonomy":"post_tag","embeddable":true,"href":"https:\/\/dailynewshungary.com\/de\/wp-json\/wp\/v2\/tags?post=760329"}],"curies":[{"name":"wp","href":"https:\/\/api.w.org\/{rel}","templated":true}]}}