{"id":760412,"date":"2016-02-29T11:00:41","date_gmt":"2016-02-29T10:00:41","guid":{"rendered":"https:\/\/dailynewshungary.com\/de\/merkel-lehnt-volksbegehrensinitiative-der-ungarischen-regierung-zur-migrantenquote-ab\/"},"modified":"2016-02-29T11:00:41","modified_gmt":"2016-02-29T10:00:41","slug":"merkel-lehnt-volksbegehrensinitiative-der-ungarischen-regierung-zur-migrantenquote-ab","status":"publish","type":"post","link":"https:\/\/dailynewshungary.com\/de\/merkel-lehnt-volksbegehrensinitiative-der-ungarischen-regierung-zur-migrantenquote-ab\/","title":{"rendered":"Merkel lehnt Volksbegehrensinitiative der ungarischen Regierung zur Migrantenquote ab"},"content":{"rendered":"<p><strong>Berlin, 29. Februar (MTI) \u2013 Die deutsche Bundeskanzlerin Angela Merkel sagte am sp\u00e4ten Sonntag, sie lehne die Referendumsinitiative der ungarischen Regierung zur Migrantenquote der Europ\u00e4ischen Union ab.<\/strong><\/p>\n<p>Der ungarische Ministerpr\u00e4sident \u201cViktor Orb\u00e1n &#8230; will ein Referendum \u00fcber eine Frage, ob Ungarn 1.294 Migranten aufnehmen soll\u201d von 160.000, die auf die Mitgliedstaaten verteilt werden sollen, sagte Merkel w\u00e4hrend eines Live-Interviews im \u00f6ffentlich-rechtlichen Fernsehen ARD. Selbst dann k\u00f6nnte diese Zahl h\u00f6chstwahrscheinlich gesenkt werden, weil \u201cer viele ukrainische Fl\u00fcchtlinge hat\u201d, f\u00fcgte sie hinzu.<\/p>\n<p>\u201cDas ist schlie\u00dflich eine Grundsatzfrage und ich kann eine solche Vorgehensweise nur ablehnen\u201d, sagte sie.<\/p>\n","protected":false},"excerpt":{"rendered":"<p>Berlin, 29. Februar (MTI) \u2013 Die deutsche Bundeskanzlerin Angela Merkel sagte am sp\u00e4ten Sonntag, sie lehne die Referendumsinitiative der ungarischen Regierung zur Migrantenquote der Europ\u00e4ischen Union ab. Der ungarische Ministerpr\u00e4sident \u201cViktor Orb\u00e1n &#8230; will ein Referendum \u00fcber eine Frage, ob Ungarn 1.294 Migranten aufnehmen soll\u201d von 160.000, die auf die Mitgliedstaaten verteilt werden sollen, sagte [&hellip;]<\/p>\n","protected":false},"author":2,"featured_media":760413,"comment_status":"open","ping_status":"open","sticky":false,"template":"","format":"standard","meta":{"_acf_changed":false,"_display_image":"","footnotes":""},"categories":[1081],"tags":[1177,1082,1871,1445],"class_list":["post-760412","post","type-post","status-publish","format-standard","has-post-thumbnail","hentry","category-politik","tag-deutschland","tag-europaische-union","tag-migrantenquoten","tag-migration"],"blocksy_meta":[],"acf":[],"author_username":"alk","telegram_post":"","public_post_metadata":{"breaking_news":"","important":"","csempe":"","center_tile":"","disable_thumbnail":"","target_lang":"","_featured_image_style":"","telegram_post":"","_xlat_group_id":""},"public_rank_math_data":{"title":"%title% %sep% %sitename%","description":"","focus_keyword":"","canonical_url":"","robots":"","primary_category":"1081","breadcrumb_title":"","facebook_title":"","facebook_description":"","facebook_image":"","facebook_image_id":"","twitter_title":"","twitter_description":"","twitter_image":"","twitter_image_id":"","twitter_card_type":"","twitter_use_facebook":"","advanced_robots":"","pillar_content":"","seo_score":"","contentai_score":"","rich_snippet":""},"_links":{"self":[{"href":"https:\/\/dailynewshungary.com\/de\/wp-json\/wp\/v2\/posts\/760412","targetHints":{"allow":["GET"]}}],"collection":[{"href":"https:\/\/dailynewshungary.com\/de\/wp-json\/wp\/v2\/posts"}],"about":[{"href":"https:\/\/dailynewshungary.com\/de\/wp-json\/wp\/v2\/types\/post"}],"author":[{"embeddable":true,"href":"https:\/\/dailynewshungary.com\/de\/wp-json\/wp\/v2\/users\/2"}],"replies":[{"embeddable":true,"href":"https:\/\/dailynewshungary.com\/de\/wp-json\/wp\/v2\/comments?post=760412"}],"version-history":[{"count":0,"href":"https:\/\/dailynewshungary.com\/de\/wp-json\/wp\/v2\/posts\/760412\/revisions"}],"wp:featuredmedia":[{"embeddable":true,"href":"https:\/\/dailynewshungary.com\/de\/wp-json\/wp\/v2\/media\/760413"}],"wp:attachment":[{"href":"https:\/\/dailynewshungary.com\/de\/wp-json\/wp\/v2\/media?parent=760412"}],"wp:term":[{"taxonomy":"category","embeddable":true,"href":"https:\/\/dailynewshungary.com\/de\/wp-json\/wp\/v2\/categories?post=760412"},{"taxonomy":"post_tag","embeddable":true,"href":"https:\/\/dailynewshungary.com\/de\/wp-json\/wp\/v2\/tags?post=760412"}],"curies":[{"name":"wp","href":"https:\/\/api.w.org\/{rel}","templated":true}]}}