{"id":760443,"date":"2016-02-28T08:00:23","date_gmt":"2016-02-28T07:00:23","guid":{"rendered":"https:\/\/dailynewshungary.com\/de\/die-ungarische-wirtschaftspolitik-setzt-unerschutterlich-auf-einen-ausgeglichenen-haushalt-sagt-minister\/"},"modified":"2016-02-28T08:00:23","modified_gmt":"2016-02-28T07:00:23","slug":"die-ungarische-wirtschaftspolitik-setzt-unerschutterlich-auf-einen-ausgeglichenen-haushalt-sagt-minister","status":"publish","type":"post","link":"https:\/\/dailynewshungary.com\/de\/die-ungarische-wirtschaftspolitik-setzt-unerschutterlich-auf-einen-ausgeglichenen-haushalt-sagt-minister\/","title":{"rendered":"Die ungarische Wirtschaftspolitik setzt unersch\u00fctterlich auf einen ausgeglichenen Haushalt, sagt Minister"},"content":{"rendered":"<p><strong>Budapest (MTI) \u201eUngarn hat eine entschlossene Wirtschaftspolitik, die notwendigen Schritte zum Haushaltsausgleich zu unternehmen, sagte der Wirtschaftsminister am Samstag auf einer Konferenz.<\/strong><\/p>\n<p>Es wird keine leichte Aufgabe sein, aber es m\u00fcssen Ma\u00dfnahmen ergriffen werden, um die Besch\u00e4ftigung auszubauen, die Wettbewerbsf\u00e4higkeit zu verbessern und Entwicklungen in der Industriepolitik umzusetzen, sagte Mih\u00e1ly Varga auf der vom Wirtschaftsforscher Szazadveg organisierten Konferenz \u201eSinking Public Debt \u201c\u201eExpansioning Economy\u201d.<\/p>\n<p>Er best\u00e4tigte, dass sein Budget \u201eUngarn, es kann nur wenige Jahre sp\u00e4ter einen Ausgleich zwischen Cashflow-basierten Bedingungen und Cashflow-basierten Bedingungen schaffen. Er f\u00fcgte hinzu, dass er den Haushalt nur wenige Jahre sp\u00e4ter gem\u00e4\u00df den periodengerechten Rechnungslegungsvorschriften der Europ\u00e4ischen Union ausgleichen k\u00f6nne.<\/p>\n<p>Varga stellte fest, dass Ungarn seine Staatsverschuldung im Verh\u00e4ltnis zum BIP seit 2010 um 8,2 Prozentpunkte auf 75,5 Prozent gesenkt habe, mehr als jeder andere EU-Mitgliedstaat Ungarn sei zusammen mit Deutschland, Lettland und Polen in einem exklusiven L\u00e4nderclub, der seine Staatsverschuldung trotz der Weltwirtschaftskrise weiter reduzieren k\u00f6nne, f\u00fcgte er hinzu.<\/p>\n<p>\u00c1rp\u00e1d Kov\u00e1cs, der den Fiskalrat leitet, sagte der Konferenz, dass eine verbesserte Wirtschaftsleistung, eine weitere Steigerung der Haushaltseinnahmen und eine disziplinierte Finanzpolitik in Bezug auf die Ausgaben Ungarn fr\u00fcher oder sp\u00e4ter einen ausgeglichenen Haushalt nach den Rechnungslegungsvorschriften der EU bescheren k\u00f6nnten, wenn das Wirtschaftswachstum durchschnittlich 2,5 Prozent betr\u00e4gt, k\u00f6nnte Ungarn seine Staatsverschuldung bis 2027 unter 60 Prozent des BIP senken, aber die Schwelle k\u00f6nnte fr\u00fcher erreicht werden, wenn der Haushalt ausgeglichen ist oder einen \u00dcberschuss aufweist, und wenn das BIP-Wachstum schneller ist, f\u00fcgte er hinzu.<\/p>\n<p>L\u00e1szl\u00f3 Domokos, der Vorsitzende des Staatsrechnungshofs, betonte ebenfalls, wie wichtig es sei, die Staatsverschuldung Ungarns zu reduzieren. Eine verbesserte Steuererhebung und ein hartes Vorgehen gegen die Schattenwirtschaft unterst\u00fctzen den Prozess, aber auch auf der Ausgabenseite muss die Effizienz verbessert werden, wo es ratsam w\u00e4re, einige Ausgaben zu k\u00fcrzen, f\u00fcgte er hinzu.<\/p>\n<p>Andr\u00e1s R\u00e9z, stellvertretender CEO der Government Debt Management Agency, sagte der Konferenz, dass 2015 nach sieben Jahren ein Wendepunkt f\u00fcr die Staatsverschuldung Ungarns sei, wobei die Mehrheit nun von inl\u00e4ndischen Investoren und Haushalten gehalten werde. Auch der Anteil der Schulden in Fremdw\u00e4hrung sei gesunken, von 50 Prozent im Jahr 2011 auf 31 Prozent Ende letzten Jahres, f\u00fcgte er hinzu.<\/p>\n<p><em>Foto: MTI<\/em><\/p>\n","protected":false},"excerpt":{"rendered":"<p>Budapest (MTI) \u201eUngarn hat eine entschlossene Wirtschaftspolitik, die notwendigen Schritte zum Haushaltsausgleich zu unternehmen, sagte der Wirtschaftsminister am Samstag auf einer Konferenz. Es wird keine leichte Aufgabe sein, aber es m\u00fcssen Ma\u00dfnahmen ergriffen werden, um die Besch\u00e4ftigung auszubauen, die Wettbewerbsf\u00e4higkeit zu verbessern und Entwicklungen in der Industriepolitik umzusetzen, sagte Mih\u00e1ly Varga auf der vom Wirtschaftsforscher [&hellip;]<\/p>\n","protected":false},"author":2,"featured_media":760444,"comment_status":"open","ping_status":"open","sticky":false,"template":"","format":"standard","meta":{"_acf_changed":false,"_display_image":"","footnotes":""},"categories":[1281],"tags":[1082,1597,1104],"class_list":["post-760443","post","type-post","status-publish","format-standard","has-post-thumbnail","hentry","category-geschaft","tag-europaische-union","tag-konferenz","tag-wirtschaft"],"blocksy_meta":[],"acf":[],"author_username":"alk","telegram_post":"","public_post_metadata":{"breaking_news":"","important":"","csempe":"","center_tile":"","disable_thumbnail":"","target_lang":"","_featured_image_style":"","telegram_post":"","_xlat_group_id":""},"public_rank_math_data":{"title":"%title% %sep% %sitename%","description":"","focus_keyword":"","canonical_url":"","robots":"","primary_category":"1281","breadcrumb_title":"","facebook_title":"","facebook_description":"","facebook_image":"","facebook_image_id":"","twitter_title":"","twitter_description":"","twitter_image":"","twitter_image_id":"","twitter_card_type":"","twitter_use_facebook":"","advanced_robots":"","pillar_content":"","seo_score":"","contentai_score":"","rich_snippet":""},"_links":{"self":[{"href":"https:\/\/dailynewshungary.com\/de\/wp-json\/wp\/v2\/posts\/760443","targetHints":{"allow":["GET"]}}],"collection":[{"href":"https:\/\/dailynewshungary.com\/de\/wp-json\/wp\/v2\/posts"}],"about":[{"href":"https:\/\/dailynewshungary.com\/de\/wp-json\/wp\/v2\/types\/post"}],"author":[{"embeddable":true,"href":"https:\/\/dailynewshungary.com\/de\/wp-json\/wp\/v2\/users\/2"}],"replies":[{"embeddable":true,"href":"https:\/\/dailynewshungary.com\/de\/wp-json\/wp\/v2\/comments?post=760443"}],"version-history":[{"count":0,"href":"https:\/\/dailynewshungary.com\/de\/wp-json\/wp\/v2\/posts\/760443\/revisions"}],"wp:featuredmedia":[{"embeddable":true,"href":"https:\/\/dailynewshungary.com\/de\/wp-json\/wp\/v2\/media\/760444"}],"wp:attachment":[{"href":"https:\/\/dailynewshungary.com\/de\/wp-json\/wp\/v2\/media?parent=760443"}],"wp:term":[{"taxonomy":"category","embeddable":true,"href":"https:\/\/dailynewshungary.com\/de\/wp-json\/wp\/v2\/categories?post=760443"},{"taxonomy":"post_tag","embeddable":true,"href":"https:\/\/dailynewshungary.com\/de\/wp-json\/wp\/v2\/tags?post=760443"}],"curies":[{"name":"wp","href":"https:\/\/api.w.org\/{rel}","templated":true}]}}