{"id":760456,"date":"2016-02-27T15:30:43","date_gmt":"2016-02-27T14:30:43","guid":{"rendered":"https:\/\/dailynewshungary.com\/de\/ausenminister-migrantenkrise-ware-nicht-eskaliert-wenn-europa-auf-ungarn-gehort-hatte\/"},"modified":"2016-02-27T15:30:43","modified_gmt":"2016-02-27T14:30:43","slug":"ausenminister-migrantenkrise-ware-nicht-eskaliert-wenn-europa-auf-ungarn-gehort-hatte","status":"publish","type":"post","link":"https:\/\/dailynewshungary.com\/de\/ausenminister-migrantenkrise-ware-nicht-eskaliert-wenn-europa-auf-ungarn-gehort-hatte\/","title":{"rendered":"Au\u00dfenminister: Migrantenkrise w\u00e4re nicht eskaliert, wenn Europa auf Ungarn geh\u00f6rt h\u00e4tte"},"content":{"rendered":"<p><strong>Budapes (MTI) \u2013 H\u00e4tten die europ\u00e4ischen Staats- und Regierungschefs vor einem Jahr Ungarn zugeh\u00f6rt, w\u00e4re die Fl\u00fcchtlingskrise nicht so weit eskaliert, wie sie war, sagte Ungarns Au\u00dfenminister am Freitag gegen\u00fcber MTI.<\/strong><\/p>\n<p>Auf Kommentare des deutschen Vizekanzlers Sigmar Gabriel gegen\u00fcber dem deutschen \u00f6ffentlich-rechtlichen Fernsehsender ARD antwortete P\u00e9ter Szijj\u00e1rt\u00f3. Der deutsche Politiker sagte, die Fl\u00fcchtlingskrise sei eskaliert, weil der ungarische Ministerpr\u00e4sident Viktor Orb\u00e1n beschlossen habe, die Asylgesetze der Europ\u00e4ischen Union nicht einzuhalten, und sich geweigert habe, Fl\u00fcchtlinge aufzunehmen Gabriel sagte, dass Deutschland aufgrund der Migrantenpolitik der ungarischen Regierung beschlossen habe, dass es f\u00fcr sie besser sei, Fl\u00fcchtlinge aufzunehmen, als sie festsitzen zu lassen.<\/p>\n<p>Gabriel sagte, es sei Orb\u00e1ns Versto\u00df gegen EU-Recht gewesen, der zur Krise gef\u00fchrt habe, und nicht Deutschlands Entscheidung, Migranten aufzunehmen. Er sagte, der einzige Fehler, den Deutschland bei der Bew\u00e4ltigung des europ\u00e4ischen Migrantenzustroms gemacht habe, sei, dass es die Bereitschaft anderer europ\u00e4ischer Staats- und Regierungschefs, die Last der Krisenl\u00f6sung zu teilen, \u00fcbersch\u00e4tzt habe. Wenn eine Million Migranten auf die EU-Mitgliedstaaten verteilt worden w\u00e4ren, h\u00e4tte sich nichts ge\u00e4ndert, sagte der Vizekanzler.<\/p>\n<p>Szijj\u00e1rt\u00f3 antwortete darauf, dass \u201cbestimmte europ\u00e4ische Staats- und Regierungschefs immer noch versuchen, falsche Behauptungen als Realit\u00e4t darzustellen\u201d Entgegen Gabriels Behauptungen habe Ungarn nicht nur nicht gegen EU-Gesetze versto\u00dfen, sondern sei auch das einzige Land, das die EU-Vorschriften beachte, indem es die Au\u00dfengrenzen des Schengen-Raums sch\u00fctze, sagte er.<\/p>\n<p>Der Minister sagte, Ungarn sei immer bereit gewesen, echte Fl\u00fcchtlinge aufzunehmen, glaube aber, dass Menschen, die sogenannte sichere L\u00e4nder wie die T\u00fcrkei, Griechenland, Mazedonien, Serbien, Kroatien, Slowenien oder \u00d6sterreich verlassen, um nach Deutschland zu gelangen, keine Fl\u00fcchtlinge, sondern illegale Wirtschaftsmigranten seien \u201eUngarn weigert sich, illegale Wirtschaftsmigranten aufzunehmen\u201cbeharrte er darauf.<\/p>\n<p>Szijj\u00e1rt\u00f3 sagte, immer mehr L\u00e4nder w\u00fcrden erkennen, dass Ungarns L\u00f6sung der Krise die einzig gangbare sei.<\/p>\n<p><em>Foto: MTI<\/em><\/p>\n","protected":false},"excerpt":{"rendered":"<p>Budapes (MTI) \u2013 H\u00e4tten die europ\u00e4ischen Staats- und Regierungschefs vor einem Jahr Ungarn zugeh\u00f6rt, w\u00e4re die Fl\u00fcchtlingskrise nicht so weit eskaliert, wie sie war, sagte Ungarns Au\u00dfenminister am Freitag gegen\u00fcber MTI. Auf Kommentare des deutschen Vizekanzlers Sigmar Gabriel gegen\u00fcber dem deutschen \u00f6ffentlich-rechtlichen Fernsehsender ARD antwortete P\u00e9ter Szijj\u00e1rt\u00f3. Der deutsche Politiker sagte, die Fl\u00fcchtlingskrise sei eskaliert, [&hellip;]<\/p>\n","protected":false},"author":2,"featured_media":760457,"comment_status":"open","ping_status":"open","sticky":false,"template":"","format":"standard","meta":{"_acf_changed":false,"_display_image":"","footnotes":""},"categories":[1081],"tags":[1470,1177,1082,1445,1299],"class_list":["post-760456","post","type-post","status-publish","format-standard","has-post-thumbnail","hentry","category-politik","tag-ausenministerium-fur-ungarn","tag-deutschland","tag-europaische-union","tag-migration","tag-schengen"],"blocksy_meta":[],"acf":[],"author_username":"alk","telegram_post":"","public_post_metadata":{"breaking_news":"","important":"","csempe":"","center_tile":"","disable_thumbnail":"","target_lang":"","_featured_image_style":"","telegram_post":"","_xlat_group_id":""},"public_rank_math_data":{"title":"%title% %sep% %sitename%","description":"","focus_keyword":"","canonical_url":"","robots":"","primary_category":"1081","breadcrumb_title":"","facebook_title":"","facebook_description":"","facebook_image":"","facebook_image_id":"","twitter_title":"","twitter_description":"","twitter_image":"","twitter_image_id":"","twitter_card_type":"","twitter_use_facebook":"","advanced_robots":"","pillar_content":"","seo_score":"","contentai_score":"","rich_snippet":""},"_links":{"self":[{"href":"https:\/\/dailynewshungary.com\/de\/wp-json\/wp\/v2\/posts\/760456","targetHints":{"allow":["GET"]}}],"collection":[{"href":"https:\/\/dailynewshungary.com\/de\/wp-json\/wp\/v2\/posts"}],"about":[{"href":"https:\/\/dailynewshungary.com\/de\/wp-json\/wp\/v2\/types\/post"}],"author":[{"embeddable":true,"href":"https:\/\/dailynewshungary.com\/de\/wp-json\/wp\/v2\/users\/2"}],"replies":[{"embeddable":true,"href":"https:\/\/dailynewshungary.com\/de\/wp-json\/wp\/v2\/comments?post=760456"}],"version-history":[{"count":0,"href":"https:\/\/dailynewshungary.com\/de\/wp-json\/wp\/v2\/posts\/760456\/revisions"}],"wp:featuredmedia":[{"embeddable":true,"href":"https:\/\/dailynewshungary.com\/de\/wp-json\/wp\/v2\/media\/760457"}],"wp:attachment":[{"href":"https:\/\/dailynewshungary.com\/de\/wp-json\/wp\/v2\/media?parent=760456"}],"wp:term":[{"taxonomy":"category","embeddable":true,"href":"https:\/\/dailynewshungary.com\/de\/wp-json\/wp\/v2\/categories?post=760456"},{"taxonomy":"post_tag","embeddable":true,"href":"https:\/\/dailynewshungary.com\/de\/wp-json\/wp\/v2\/tags?post=760456"}],"curies":[{"name":"wp","href":"https:\/\/api.w.org\/{rel}","templated":true}]}}