{"id":760466,"date":"2016-02-27T08:00:33","date_gmt":"2016-02-27T07:00:33","guid":{"rendered":"https:\/\/dailynewshungary.com\/de\/opposition-kritisiert-regierung-wegen-ernennung-des-chefs-von-poloskei-klik\/"},"modified":"2016-02-27T08:00:33","modified_gmt":"2016-02-27T07:00:33","slug":"opposition-kritisiert-regierung-wegen-ernennung-des-chefs-von-poloskei-klik","status":"publish","type":"post","link":"https:\/\/dailynewshungary.com\/de\/opposition-kritisiert-regierung-wegen-ernennung-des-chefs-von-poloskei-klik\/","title":{"rendered":"Opposition kritisiert Regierung wegen Ernennung des Chefs von P\u00f6l\u00f6skei Klik"},"content":{"rendered":"<p><strong>Budapest (MTI) 2 Oppositionsparteien haben die Regierung scharf f\u00fcr ihre Politik gegen\u00fcber Zentralschulleiter Klik kritisiert, insbesondere f\u00fcr die Absetzung ihres Leiters und die Ernennung von Annam\u00e1ria P\u00f6l\u00f6skei zum Posten.<\/strong><\/p>\n<p>D\u00f3ra D\u00far\u00f3, Leiterin des von Jobbik delegierten Kulturausschusses des Parlaments, stellte fest, dass P\u00f6l\u00f6skei nun der dritte Klik-Chef seit der Gr\u00fcndung der Agentur vor drei Jahren seiDas deutet darauf hin, dass die Regierung eher in Eile handelt als versucht, systemische Ver\u00e4nderungen vorzunehmen, sagte sie.<\/p>\n<p>Jobbik schl\u00e4gt vor, dass Schulen an lokale Regierungen zur\u00fcckgegeben werden sollten, die sich \u201eals gute Meister erwiesen hatten\u201csagte D\u00far\u00f3.<\/p>\n<p>Die Ernennung von P\u00f6l\u00f6skei, die Schwester von Pr\u00e4sident J\u00e1nos \u00c1der, deutet nach Ansicht der Demokratischen Koalition (DK) auf eine \u201cgut arbeitende Familienpolitik\u201d hin, Familienangeh\u00f6rige von Politikern w\u00fcrden \u201c\u00f6ffentliche Auftr\u00e4ge im Milliarden-Forint-Bereich, staatliche Grundst\u00fccke und nationale Tabakl\u00e4den erhalten\u201d, sagte die ParteiDie Angeh\u00f6rigen von Politikern \u201chaben sich als Ungarns beste unabh\u00e4ngige Experten auch getan\u201d, f\u00fcgten sie ironisch hinzu.<\/p>\n<p>Szabolcs Szab\u00f3 von der Egy\u00fctt-Partei (zusammen) sagte, Klik sei auf einem un\u00fcberlegten Konzept gegr\u00fcndet worden und forderte die Regierung auf, es abzuschaffen. Er sagte, P\u00f6l\u00f6skei sei ein guter und bekannter Experte, f\u00fcgte jedoch hinzu, dass die Ernennung der Schwester des Pr\u00e4sidenten \u201cnicht elegant\u201d sei.<\/p>\n<p>Die liberale Exekutive Anett B.sz sagte in einer Erkl\u00e4rung, dass Klik nicht reformiert, sondern abgeschafft werden sollte. Sie sagte auch, dass \u201eeine familienfreundliche Regierung nicht den Familien der Regierung gleichgestellt sein sollte und Fidesz in gute Positionen bringen sollte\u201c\u201d.<\/p>\n<p><em>Foto: MTI<\/em><\/p>\n","protected":false},"excerpt":{"rendered":"<p>Budapest (MTI) 2 Oppositionsparteien haben die Regierung scharf f\u00fcr ihre Politik gegen\u00fcber Zentralschulleiter Klik kritisiert, insbesondere f\u00fcr die Absetzung ihres Leiters und die Ernennung von Annam\u00e1ria P\u00f6l\u00f6skei zum Posten. D\u00f3ra D\u00far\u00f3, Leiterin des von Jobbik delegierten Kulturausschusses des Parlaments, stellte fest, dass P\u00f6l\u00f6skei nun der dritte Klik-Chef seit der Gr\u00fcndung der Agentur vor drei Jahren [&hellip;]<\/p>\n","protected":false},"author":2,"featured_media":760467,"comment_status":"open","ping_status":"open","sticky":false,"template":"","format":"standard","meta":{"_acf_changed":false,"_display_image":"","footnotes":""},"categories":[1081],"tags":[1438,1222,4015,1632,1542,1198],"class_list":["post-760466","post","type-post","status-publish","format-standard","has-post-thumbnail","hentry","category-politik","tag-bildung","tag-demokratische-koalition","tag-egyutt","tag-jobbik","tag-lehrer-protestieren-gegen-das-schulsystem","tag-prasident-von-ungarn"],"blocksy_meta":[],"acf":[],"author_username":"alk","telegram_post":"","public_post_metadata":{"breaking_news":"","important":"","csempe":"","center_tile":"","disable_thumbnail":"","target_lang":"","_featured_image_style":"","telegram_post":"","_xlat_group_id":""},"public_rank_math_data":{"title":"%title% %sep% %sitename%","description":"","focus_keyword":"","canonical_url":"","robots":"","primary_category":"1081","breadcrumb_title":"","facebook_title":"","facebook_description":"","facebook_image":"","facebook_image_id":"","twitter_title":"","twitter_description":"","twitter_image":"","twitter_image_id":"","twitter_card_type":"","twitter_use_facebook":"","advanced_robots":"","pillar_content":"","seo_score":"","contentai_score":"","rich_snippet":""},"_links":{"self":[{"href":"https:\/\/dailynewshungary.com\/de\/wp-json\/wp\/v2\/posts\/760466","targetHints":{"allow":["GET"]}}],"collection":[{"href":"https:\/\/dailynewshungary.com\/de\/wp-json\/wp\/v2\/posts"}],"about":[{"href":"https:\/\/dailynewshungary.com\/de\/wp-json\/wp\/v2\/types\/post"}],"author":[{"embeddable":true,"href":"https:\/\/dailynewshungary.com\/de\/wp-json\/wp\/v2\/users\/2"}],"replies":[{"embeddable":true,"href":"https:\/\/dailynewshungary.com\/de\/wp-json\/wp\/v2\/comments?post=760466"}],"version-history":[{"count":0,"href":"https:\/\/dailynewshungary.com\/de\/wp-json\/wp\/v2\/posts\/760466\/revisions"}],"wp:featuredmedia":[{"embeddable":true,"href":"https:\/\/dailynewshungary.com\/de\/wp-json\/wp\/v2\/media\/760467"}],"wp:attachment":[{"href":"https:\/\/dailynewshungary.com\/de\/wp-json\/wp\/v2\/media?parent=760466"}],"wp:term":[{"taxonomy":"category","embeddable":true,"href":"https:\/\/dailynewshungary.com\/de\/wp-json\/wp\/v2\/categories?post=760466"},{"taxonomy":"post_tag","embeddable":true,"href":"https:\/\/dailynewshungary.com\/de\/wp-json\/wp\/v2\/tags?post=760466"}],"curies":[{"name":"wp","href":"https:\/\/api.w.org\/{rel}","templated":true}]}}