{"id":760497,"date":"2016-02-26T08:10:18","date_gmt":"2016-02-26T07:10:18","guid":{"rendered":"https:\/\/dailynewshungary.com\/de\/die-stadt-eger-konkurriert-um-den-titel-kulturhauptstadt-europas\/"},"modified":"2016-02-26T08:10:18","modified_gmt":"2016-02-26T07:10:18","slug":"die-stadt-eger-konkurriert-um-den-titel-kulturhauptstadt-europas","status":"publish","type":"post","link":"https:\/\/dailynewshungary.com\/de\/die-stadt-eger-konkurriert-um-den-titel-kulturhauptstadt-europas\/","title":{"rendered":"Die Stadt Eger konkurriert um den Titel Kulturhauptstadt Europas"},"content":{"rendered":"<p><strong>Die ungarische Stadt Eger wird 2023 um den Titel der Kulturhauptstadt Europas konkurrieren. Vilagjaromagazin.hu schreibt, dass sich die sich st\u00e4ndig weiterentwickelnde Hauptstadt des Kreises Heves, die f\u00fcr die Betreuung ihrer historischen Werte bekannt ist, der Reihe der St\u00e4dte anschlie\u00dft, die sich bewerben der ehrenvolle Titel, der 1985 eingef\u00fchrt wurde.<\/strong><\/p>\n<p>Egers B\u00fcrgermeister L\u00e1szl\u00f3 Habis und Zsolt Nyitrai, der Parlamentsabgeordnete der Stadt, ver\u00f6ffentlichten auf Facebook eine Erkl\u00e4rung, in der sie schreiben, dass Eger eine der sch\u00f6nsten St\u00e4dte Ungarns sei, die damals als Fasten f\u00fcr die gesamte europ\u00e4ische Kultur gedient habe.<\/p>\n<p>\u201cWir haben in den letzten Jahren unsere Innenstadt erneuert; wir haben herausragende historische Werte gesch\u00fctzt, eine Reihe sch\u00f6ner Geb\u00e4ude renoviert und einen Weg gefunden, die Badekultur von Eger zu entwickeln. Wir haben eine der Barockperlen unseres Landes f\u00fcr Einheimische und Besucher noch attraktiver gemacht.\u201d<\/p>\n<p><img loading=\"lazy\" decoding=\"async\" class=\"aligncenter wp-image-34660\" src=\"https:\/\/dailynewshungary.com\/wp-content\/uploads\/2016\/02\/eger2-300x225.jpg\" alt=\"eger2\" width=\"600\" height=\"450\" srcset=\"https:\/\/contentf5.dailynewshungary.com\/wp-content\/uploads\/2016\/02\/eger2-300x225.jpg 300w, https:\/\/contentf5.dailynewshungary.com\/wp-content\/uploads\/2016\/02\/eger2-106x80.jpg 106w, https:\/\/contentf5.dailynewshungary.com\/wp-content\/uploads\/2016\/02\/eger2-200x150.jpg 200w, https:\/\/contentf5.dailynewshungary.com\/wp-content\/uploads\/2016\/02\/eger2.jpg 720w\" sizes=\"auto, (max-width: 600px) 100vw, 600px\"><\/p>\n<p>Sie betonten, dass es in naher Zukunft noch mehr Entwicklungen im Rahmen des Modern Cities Programme geben werdeDiese haben das Potenzial, die Stadt nicht nur auf nationaler, sondern auch auf europ\u00e4ischer Ebene herausragend zu machenDas w\u00fcrde bedeuten, die Stadt mit der Autobahn zu verbinden, den Wiederaufbau des Schlosses und den Bau des Nationalen Schwimm &#8211; und WasserballzentrumsSie f\u00fcgten hinzu, dass sie an weitere Entwicklung und Erfolg glauben, also, deshalb initiieren sie Egers Bewerbung um den Titel Kulturhauptstadt Europas.<\/p>\n<p>Es war Melina Mercouri, Griechenlands Kulturministerin, die 1983 die Idee der Kulturstadt Europas hatte. Sie erkl\u00e4rte, dass die Unterst\u00fctzung von Kunst und Kultur ebenso wichtig sei wie die Ma\u00dfnahmen zur Ankurbelung der Wirtschaft und dass die Der Kultursektor verdient gr\u00f6\u00dfere Aufmerksamkeit.<\/p>\n<p>Sie glaubte, dass ihre Initiation die Europ\u00e4er einander n\u00e4her bringen w\u00fcrde, indem sie den Reichtum und die Vielfalt der europ\u00e4ischen Kulturen hervorhob und das Bewusstsein f\u00fcr ihre gemeinsame Geschichte und Werte sch\u00e4rfte.<\/p>\n<p>Die Entscheidung \u00fcber den Titel fiel 1985 und Athen wurde im selben Jahr erstmals zur ersten Kulturstadt Europas gew\u00e4hlt, 1999 erfolgte die Umbenennung in Kulturhauptstadt Europas, allerdings k\u00f6nnen sich nicht nur Hauptst\u00e4dte, sondern auch andere St\u00e4dte um den Titel bewerben.<\/p>\n<p><em>Fotos: www.facebook.com\/IEger<\/em><\/p>\n<p>Editor kopieren: bm<\/p>\n","protected":false},"excerpt":{"rendered":"<p>Die ungarische Stadt Eger wird 2023 um den Titel der Kulturhauptstadt Europas konkurrieren. Vilagjaromagazin.hu schreibt, dass sich die sich st\u00e4ndig weiterentwickelnde Hauptstadt des Kreises Heves, die f\u00fcr die Betreuung ihrer historischen Werte bekannt ist, der Reihe der St\u00e4dte anschlie\u00dft, die sich bewerben der ehrenvolle Titel, der 1985 eingef\u00fchrt wurde. Egers B\u00fcrgermeister L\u00e1szl\u00f3 Habis und Zsolt [&hellip;]<\/p>\n","protected":false},"author":7,"featured_media":760498,"comment_status":"open","ping_status":"open","sticky":false,"template":"","format":"standard","meta":{"_acf_changed":false,"_display_image":"","footnotes":""},"categories":[1151],"tags":[1066],"class_list":["post-760497","post","type-post","status-publish","format-standard","has-post-thumbnail","hentry","category-kulturen","tag-hungary"],"blocksy_meta":[],"acf":[],"author_username":"Szandi","telegram_post":"","public_post_metadata":{"breaking_news":"","important":"","csempe":"","center_tile":"","disable_thumbnail":"","target_lang":"","_featured_image_style":"","telegram_post":"","_xlat_group_id":""},"public_rank_math_data":{"title":"%title% %sep% %sitename%","description":"","focus_keyword":"","canonical_url":"","robots":"","primary_category":"1151","breadcrumb_title":"","facebook_title":"","facebook_description":"","facebook_image":"","facebook_image_id":"","twitter_title":"","twitter_description":"","twitter_image":"","twitter_image_id":"","twitter_card_type":"","twitter_use_facebook":"","advanced_robots":"","pillar_content":"","seo_score":"","contentai_score":"","rich_snippet":""},"_links":{"self":[{"href":"https:\/\/dailynewshungary.com\/de\/wp-json\/wp\/v2\/posts\/760497","targetHints":{"allow":["GET"]}}],"collection":[{"href":"https:\/\/dailynewshungary.com\/de\/wp-json\/wp\/v2\/posts"}],"about":[{"href":"https:\/\/dailynewshungary.com\/de\/wp-json\/wp\/v2\/types\/post"}],"author":[{"embeddable":true,"href":"https:\/\/dailynewshungary.com\/de\/wp-json\/wp\/v2\/users\/7"}],"replies":[{"embeddable":true,"href":"https:\/\/dailynewshungary.com\/de\/wp-json\/wp\/v2\/comments?post=760497"}],"version-history":[{"count":0,"href":"https:\/\/dailynewshungary.com\/de\/wp-json\/wp\/v2\/posts\/760497\/revisions"}],"wp:featuredmedia":[{"embeddable":true,"href":"https:\/\/dailynewshungary.com\/de\/wp-json\/wp\/v2\/media\/760498"}],"wp:attachment":[{"href":"https:\/\/dailynewshungary.com\/de\/wp-json\/wp\/v2\/media?parent=760497"}],"wp:term":[{"taxonomy":"category","embeddable":true,"href":"https:\/\/dailynewshungary.com\/de\/wp-json\/wp\/v2\/categories?post=760497"},{"taxonomy":"post_tag","embeddable":true,"href":"https:\/\/dailynewshungary.com\/de\/wp-json\/wp\/v2\/tags?post=760497"}],"curies":[{"name":"wp","href":"https:\/\/api.w.org\/{rel}","templated":true}]}}