{"id":760532,"date":"2016-02-24T22:40:25","date_gmt":"2016-02-24T21:40:25","guid":{"rendered":"https:\/\/dailynewshungary.com\/de\/das-frankophone-festival-bietet-kino-konzerte-und-eine-vasarely-ausstellung\/"},"modified":"2016-02-24T22:40:25","modified_gmt":"2016-02-24T21:40:25","slug":"das-frankophone-festival-bietet-kino-konzerte-und-eine-vasarely-ausstellung","status":"publish","type":"post","link":"https:\/\/dailynewshungary.com\/de\/das-frankophone-festival-bietet-kino-konzerte-und-eine-vasarely-ausstellung\/","title":{"rendered":"Das frankophone Festival bietet Kino, Konzerte und eine Vasarely-Ausstellung"},"content":{"rendered":"<p><strong>Budapest, 24. Februar (MTI) \u2013 Mehrere kulturelle Veranstaltungen, Filmvorf\u00fchrungen und Diskussionen zu aktuellen Themen wie Migration werden zwischen dem 26. Februar und dem 2. April dieses Jahres beim Frankophonen Festival organisiert, sagten die Organisatoren.<\/strong><\/p>\n<p>Das Festival wird mit der Vorf\u00fchrung des j\u00fcngsten franz\u00f6sischen Films Valley of Love mit Gerard Depardieu und Isabelle Huppert im Budapester Urania-Kino er\u00f6ffnet.<\/p>\n<p>Das Festivalprogramm umfasst insgesamt 52 neue oder aktuelle Filme aus Belgien, Kanada, Griechenland, Rum\u00e4nien, der Schweiz und Tunesien.<\/p>\n<p><img loading=\"lazy\" decoding=\"async\" class=\"size-full wp-image-34577 aligncenter\" src=\"https:\/\/dailynewshungary.com\/wp-content\/uploads\/2016\/02\/french.jpg\" alt=\"Franz\u00f6sisch\" width=\"509\" height=\"319\" srcset=\"https:\/\/contentf5.dailynewshungary.com\/wp-content\/uploads\/2016\/02\/french.jpg 509w, https:\/\/contentf5.dailynewshungary.com\/wp-content\/uploads\/2016\/02\/french-300x188.jpg 300w\" sizes=\"auto, (max-width: 509px) 100vw, 509px\"><\/p>\n<p>Zu den weiteren Kulturprogrammen geh\u00f6ren unter anderem eine Ausstellung mit Werken des in Ungarn geborenen franz\u00f6sischen Op-Art-K\u00fcnstlers Victor Vasarely im Budapester Franz\u00f6sischen Kulturinstitut sowie ein Barockmusikkonzert im Palast der K\u00fcnste und Popkonzerte auf dem A38-Schiff.<\/p>\n<p>Im Rahmen des Festivals wird am 31. M\u00e4rz eine Diskussionsrunde zum Thema Identit\u00e4t organisiert, an der die franz\u00f6sische Politikwissenschaftlerin und Soziologin Catherine Wihtol de Wenden teilnimmt.<\/p>\n<p><strong>F\u00fcr Einzelheiten zum Zeitplan des Festivals besuchen Sie <a href=\"http:\/\/www.franciaintezet.hu\" target=\"_blank\" rel=\"noopener\">http:\/\/www.franciaintezet.hu<\/a>.<\/strong><\/p>\n","protected":false},"excerpt":{"rendered":"<p>Budapest, 24. Februar (MTI) \u2013 Mehrere kulturelle Veranstaltungen, Filmvorf\u00fchrungen und Diskussionen zu aktuellen Themen wie Migration werden zwischen dem 26. Februar und dem 2. April dieses Jahres beim Frankophonen Festival organisiert, sagten die Organisatoren. Das Festival wird mit der Vorf\u00fchrung des j\u00fcngsten franz\u00f6sischen Films Valley of Love mit Gerard Depardieu und Isabelle Huppert im Budapester [&hellip;]<\/p>\n","protected":false},"author":2,"featured_media":760533,"comment_status":"open","ping_status":"open","sticky":false,"template":"","format":"standard","meta":{"_acf_changed":false,"_display_image":"","footnotes":""},"categories":[1151],"tags":[1232,1249,1314],"class_list":["post-760532","post","type-post","status-publish","format-standard","has-post-thumbnail","hentry","category-kulturen","tag-ausstellung","tag-frankreich","tag-kunst"],"blocksy_meta":[],"acf":[],"author_username":"alk","telegram_post":"","public_post_metadata":{"breaking_news":"","important":"","csempe":"","center_tile":"","disable_thumbnail":"","target_lang":"","_featured_image_style":"","telegram_post":"","_xlat_group_id":""},"public_rank_math_data":{"title":"%title% %sep% %sitename%","description":"","focus_keyword":"","canonical_url":"","robots":"","primary_category":"1151","breadcrumb_title":"","facebook_title":"","facebook_description":"","facebook_image":"","facebook_image_id":"","twitter_title":"","twitter_description":"","twitter_image":"","twitter_image_id":"","twitter_card_type":"","twitter_use_facebook":"","advanced_robots":"","pillar_content":"","seo_score":"","contentai_score":"","rich_snippet":""},"_links":{"self":[{"href":"https:\/\/dailynewshungary.com\/de\/wp-json\/wp\/v2\/posts\/760532","targetHints":{"allow":["GET"]}}],"collection":[{"href":"https:\/\/dailynewshungary.com\/de\/wp-json\/wp\/v2\/posts"}],"about":[{"href":"https:\/\/dailynewshungary.com\/de\/wp-json\/wp\/v2\/types\/post"}],"author":[{"embeddable":true,"href":"https:\/\/dailynewshungary.com\/de\/wp-json\/wp\/v2\/users\/2"}],"replies":[{"embeddable":true,"href":"https:\/\/dailynewshungary.com\/de\/wp-json\/wp\/v2\/comments?post=760532"}],"version-history":[{"count":0,"href":"https:\/\/dailynewshungary.com\/de\/wp-json\/wp\/v2\/posts\/760532\/revisions"}],"wp:featuredmedia":[{"embeddable":true,"href":"https:\/\/dailynewshungary.com\/de\/wp-json\/wp\/v2\/media\/760533"}],"wp:attachment":[{"href":"https:\/\/dailynewshungary.com\/de\/wp-json\/wp\/v2\/media?parent=760532"}],"wp:term":[{"taxonomy":"category","embeddable":true,"href":"https:\/\/dailynewshungary.com\/de\/wp-json\/wp\/v2\/categories?post=760532"},{"taxonomy":"post_tag","embeddable":true,"href":"https:\/\/dailynewshungary.com\/de\/wp-json\/wp\/v2\/tags?post=760532"}],"curies":[{"name":"wp","href":"https:\/\/api.w.org\/{rel}","templated":true}]}}