{"id":760548,"date":"2016-02-24T14:00:43","date_gmt":"2016-02-24T13:00:43","guid":{"rendered":"https:\/\/dailynewshungary.com\/de\/ungarischer-wirtschaftsminister-trifft-auf-korean-air-vorsitzenden\/"},"modified":"2016-02-24T14:00:43","modified_gmt":"2016-02-24T13:00:43","slug":"ungarischer-wirtschaftsminister-trifft-auf-korean-air-vorsitzenden","status":"publish","type":"post","link":"https:\/\/dailynewshungary.com\/de\/ungarischer-wirtschaftsminister-trifft-auf-korean-air-vorsitzenden\/","title":{"rendered":"Ungarischer Wirtschaftsminister trifft auf Korean Air-Vorsitzenden"},"content":{"rendered":"<p><strong>Budapest, 24. Februar (MTI) \u201eWirtschaftsminister Mih\u00e1ly Varga f\u00fchrte am Mittwoch in S\u00fcdkorea Gespr\u00e4che mit dem Vorsitzenden der Korean Air, Chang Hoon Chi, teilte sein Ministerium mit.<\/strong><\/p>\n<p>Korean Air sei offen daf\u00fcr, die M\u00f6glichkeit eines Direktflugs zwischen Seoul und Budapest zu pr\u00fcfen, sagte Varga.<\/p>\n<p>Ein Direktflug zwischen den beiden Hauptst\u00e4dten w\u00fcrde eine Schl\u00fcsselrolle bei der St\u00e4rkung der wirtschaftlichen und touristischen Zusammenarbeit zwischen Ungarn und Korea spielen, teilte das Ministerium mit. Der j\u00e4hrliche Lufthandel zwischen den beiden L\u00e4ndern bel\u00e4uft sich auf rund 80.000 Tonnen.<\/p>\n<p>Ein im vergangenen Mai zwischen den beiden L\u00e4ndern geschlossenes Flugreiseabkommen legt die notwendigen Voraussetzungen f\u00fcr den Start eines solchen Fluges fest, stellte das Ministerium festLetztes Jahr besuchten 120.000 S\u00fcdkoreaner Ungarn, hie\u00df es und f\u00fcgte hinzu, dass S\u00fcdkorea Ungarns wichtigster Tourismusquellenmarkt in Asien sei.<\/p>\n<p>Varga ist mit einer Delegation von Wirtschaftsf\u00fchrern in Korea Am Donnerstag wird er die zweite Sitzung des Ungarisch-Koreanischen Ausschusses f\u00fcr wirtschaftliche Zusammenarbeit mitleiten.<\/p>\n<p><em>Foto:&nbsp;<a class=\"_ZR irc_hol i3724\" href=\"https:\/\/www.koreanair.com\/global\/en\/traveling\/fleet-info.html\" target=\"_blank\" data-noload=\"\" data-ved=\"0ahUKEwilt9-5k5DLAhWHqQ4KHSh0DegQjB0IBg\" rel=\"noopener\"><span class=\"irc_ho\" dir=\"ltr\">www.koreanair.com<\/span><\/a><\/em><\/p>\n","protected":false},"excerpt":{"rendered":"<p>Budapest, 24. Februar (MTI) \u201eWirtschaftsminister Mih\u00e1ly Varga f\u00fchrte am Mittwoch in S\u00fcdkorea Gespr\u00e4che mit dem Vorsitzenden der Korean Air, Chang Hoon Chi, teilte sein Ministerium mit. Korean Air sei offen daf\u00fcr, die M\u00f6glichkeit eines Direktflugs zwischen Seoul und Budapest zu pr\u00fcfen, sagte Varga. Ein Direktflug zwischen den beiden Hauptst\u00e4dten w\u00fcrde eine Schl\u00fcsselrolle bei der St\u00e4rkung [&hellip;]<\/p>\n","protected":false},"author":2,"featured_media":760549,"comment_status":"open","ping_status":"open","sticky":false,"template":"","format":"standard","meta":{"_acf_changed":false,"_display_image":"","footnotes":""},"categories":[1281],"tags":[1094,1115,1297],"class_list":["post-760548","post","type-post","status-publish","format-standard","has-post-thumbnail","hentry","category-geschaft","tag-asien","tag-flughafen","tag-transport"],"blocksy_meta":[],"acf":[],"author_username":"alk","telegram_post":"","public_post_metadata":{"breaking_news":"","important":"","csempe":"","center_tile":"","disable_thumbnail":"","target_lang":"","_featured_image_style":"","telegram_post":"","_xlat_group_id":""},"public_rank_math_data":{"title":"%title% %sep% %sitename%","description":"","focus_keyword":"","canonical_url":"","robots":"","primary_category":"1281","breadcrumb_title":"","facebook_title":"","facebook_description":"","facebook_image":"","facebook_image_id":"","twitter_title":"","twitter_description":"","twitter_image":"","twitter_image_id":"","twitter_card_type":"","twitter_use_facebook":"","advanced_robots":"","pillar_content":"","seo_score":"","contentai_score":"","rich_snippet":""},"_links":{"self":[{"href":"https:\/\/dailynewshungary.com\/de\/wp-json\/wp\/v2\/posts\/760548","targetHints":{"allow":["GET"]}}],"collection":[{"href":"https:\/\/dailynewshungary.com\/de\/wp-json\/wp\/v2\/posts"}],"about":[{"href":"https:\/\/dailynewshungary.com\/de\/wp-json\/wp\/v2\/types\/post"}],"author":[{"embeddable":true,"href":"https:\/\/dailynewshungary.com\/de\/wp-json\/wp\/v2\/users\/2"}],"replies":[{"embeddable":true,"href":"https:\/\/dailynewshungary.com\/de\/wp-json\/wp\/v2\/comments?post=760548"}],"version-history":[{"count":0,"href":"https:\/\/dailynewshungary.com\/de\/wp-json\/wp\/v2\/posts\/760548\/revisions"}],"wp:featuredmedia":[{"embeddable":true,"href":"https:\/\/dailynewshungary.com\/de\/wp-json\/wp\/v2\/media\/760549"}],"wp:attachment":[{"href":"https:\/\/dailynewshungary.com\/de\/wp-json\/wp\/v2\/media?parent=760548"}],"wp:term":[{"taxonomy":"category","embeddable":true,"href":"https:\/\/dailynewshungary.com\/de\/wp-json\/wp\/v2\/categories?post=760548"},{"taxonomy":"post_tag","embeddable":true,"href":"https:\/\/dailynewshungary.com\/de\/wp-json\/wp\/v2\/tags?post=760548"}],"curies":[{"name":"wp","href":"https:\/\/api.w.org\/{rel}","templated":true}]}}