{"id":760576,"date":"2016-02-23T15:00:59","date_gmt":"2016-02-23T14:00:59","guid":{"rendered":"https:\/\/dailynewshungary.com\/de\/orban-unterzeichnet-vereinbarung-uber-eine-entwicklung-von-uber-107-mio-eur-in-szekszard\/"},"modified":"2016-02-23T15:00:59","modified_gmt":"2016-02-23T14:00:59","slug":"orban-unterzeichnet-vereinbarung-uber-eine-entwicklung-von-uber-107-mio-eur-in-szekszard","status":"publish","type":"post","link":"https:\/\/dailynewshungary.com\/de\/orban-unterzeichnet-vereinbarung-uber-eine-entwicklung-von-uber-107-mio-eur-in-szekszard\/","title":{"rendered":"Orb\u00e1n unterzeichnet Vereinbarung \u00fcber eine Entwicklung von \u00fcber 107 Mio. EUR in Szeksz\u00e1rd"},"content":{"rendered":"<p><strong>Budapest, 23. Februar (MTI) \u2013 Mehr als 33 Milliarden Forint (107 Mio. EUR) werden im Rahmen einer am Dienstag von Premierminister Viktor Orb\u00e1n und B\u00fcrgermeister Rezs. \u00c1cs unterzeichneten Vereinbarung in Szekszard in S\u00fcdungarn entwickelt.<\/strong><\/p>\n<p>Eine W\u00e4rmeenergiepipeline werde vom Kernkraftwerk Paks nach Szekszard gebaut, um die Kosten f\u00fcr den Betrieb des Fernw\u00e4rmesystems der Stadt zu senken, sagte Orb\u00e1n.<\/p>\n<p>Die Vereinbarung umfasst auch den Ausbau des Industrieparks Szeksz\u00e1rd, den Ausbau des Stra\u00dfennetzes der Weinregion, die Einrichtung eines modernen Berufszentrums, den Bau eines Vier-Sterne-Hotels, die Umgestaltung des Donauhafens und die Erweiterung der Gemenc-Schmalstra\u00dfe -Spurbahn und der Bau einer neuen Sporthalle, f\u00fcgte er hinzu.<\/p>\n","protected":false},"excerpt":{"rendered":"<p>Budapest, 23. Februar (MTI) \u2013 Mehr als 33 Milliarden Forint (107 Mio. EUR) werden im Rahmen einer am Dienstag von Premierminister Viktor Orb\u00e1n und B\u00fcrgermeister Rezs. \u00c1cs unterzeichneten Vereinbarung in Szekszard in S\u00fcdungarn entwickelt. Eine W\u00e4rmeenergiepipeline werde vom Kernkraftwerk Paks nach Szekszard gebaut, um die Kosten f\u00fcr den Betrieb des Fernw\u00e4rmesystems der Stadt zu senken, [&hellip;]<\/p>\n","protected":false},"author":2,"featured_media":760577,"comment_status":"open","ping_status":"open","sticky":false,"template":"","format":"standard","meta":{"_acf_changed":false,"_display_image":"","footnotes":""},"categories":[1281],"tags":[1128],"class_list":["post-760576","post","type-post","status-publish","format-standard","has-post-thumbnail","hentry","category-geschaft","tag-viktor-orban"],"blocksy_meta":[],"acf":[],"author_username":"alk","telegram_post":"","public_post_metadata":{"breaking_news":"","important":"","csempe":"","center_tile":"","disable_thumbnail":"","target_lang":"","_featured_image_style":"","telegram_post":"","_xlat_group_id":""},"public_rank_math_data":{"title":"%title% %sep% %sitename%","description":"","focus_keyword":"","canonical_url":"","robots":"","primary_category":"1281","breadcrumb_title":"","facebook_title":"","facebook_description":"","facebook_image":"","facebook_image_id":"","twitter_title":"","twitter_description":"","twitter_image":"","twitter_image_id":"","twitter_card_type":"","twitter_use_facebook":"","advanced_robots":"","pillar_content":"","seo_score":"","contentai_score":"","rich_snippet":""},"_links":{"self":[{"href":"https:\/\/dailynewshungary.com\/de\/wp-json\/wp\/v2\/posts\/760576","targetHints":{"allow":["GET"]}}],"collection":[{"href":"https:\/\/dailynewshungary.com\/de\/wp-json\/wp\/v2\/posts"}],"about":[{"href":"https:\/\/dailynewshungary.com\/de\/wp-json\/wp\/v2\/types\/post"}],"author":[{"embeddable":true,"href":"https:\/\/dailynewshungary.com\/de\/wp-json\/wp\/v2\/users\/2"}],"replies":[{"embeddable":true,"href":"https:\/\/dailynewshungary.com\/de\/wp-json\/wp\/v2\/comments?post=760576"}],"version-history":[{"count":0,"href":"https:\/\/dailynewshungary.com\/de\/wp-json\/wp\/v2\/posts\/760576\/revisions"}],"wp:featuredmedia":[{"embeddable":true,"href":"https:\/\/dailynewshungary.com\/de\/wp-json\/wp\/v2\/media\/760577"}],"wp:attachment":[{"href":"https:\/\/dailynewshungary.com\/de\/wp-json\/wp\/v2\/media?parent=760576"}],"wp:term":[{"taxonomy":"category","embeddable":true,"href":"https:\/\/dailynewshungary.com\/de\/wp-json\/wp\/v2\/categories?post=760576"},{"taxonomy":"post_tag","embeddable":true,"href":"https:\/\/dailynewshungary.com\/de\/wp-json\/wp\/v2\/tags?post=760576"}],"curies":[{"name":"wp","href":"https:\/\/api.w.org\/{rel}","templated":true}]}}