{"id":760652,"date":"2016-02-20T13:30:24","date_gmt":"2016-02-20T12:30:24","guid":{"rendered":"https:\/\/dailynewshungary.com\/de\/die-eu-versiegelt-am-1-marz-ihre-grenzen-fur-illegale-einwanderer\/"},"modified":"2016-02-20T13:30:24","modified_gmt":"2016-02-20T12:30:24","slug":"die-eu-versiegelt-am-1-marz-ihre-grenzen-fur-illegale-einwanderer","status":"publish","type":"post","link":"https:\/\/dailynewshungary.com\/de\/die-eu-versiegelt-am-1-marz-ihre-grenzen-fur-illegale-einwanderer\/","title":{"rendered":"Die EU versiegelt am 1. M\u00e4rz ihre Grenzen f\u00fcr illegale Einwanderer?"},"content":{"rendered":"<p><strong>Die Europ\u00e4ische Union k\u00f6nnte am 1. M\u00e4rz ihre Grenzen f\u00fcr illegale Einwanderer schlie\u00dfen, berichtete die serbische Nachrichtenagentur Danas unter Berufung auf EU-Quellen.<\/strong><\/p>\n<p>An der slowenisch-kroatischen und serbisch-mazedonischen Grenze laufen derzeit Schlie\u00dfungssimulations\u00fcbungen, die bald in die Praxis umgesetzt werden, berichtete die serbische Nachrichtenagentur.<\/p>\n<p>Dem Bericht zufolge werden alle Migranten untersucht und befragt, um herauszufinden, ob sie Verwandte in Europa haben oder ob sie aus Kriegsgebietsregionen stammen.<\/p>\n<p>Die Abschiebung von Migranten aus der EU hat in kleinem Umfang bereits begonnen Slowenien schickte 217 Einwanderer zur\u00fcck nach Kroatien, Kroatien gibt sie an Serbien weiter.<\/p>\n<p>Nach Angaben des serbischen N1 TV haben abgeschobene Migranten in Serbien gegen die Ma\u00dfnahmen protestiert; Sie wollen zu Fu\u00df nach Kroatien zur\u00fcckkehren. In der Erkl\u00e4rung des serbischen Innenministeriums hei\u00dft es, dass diese Migranten nicht aus Kriegsgebietsregionen gekommen seien, weshalb sie abgeschoben wurden.<\/p>\n<p>Der Direktor des serbischen Asylzentrums, Rados Djurovic, erinnerte daran, dass viele Migranten abgeschoben wurden, weil sie die Beh\u00f6rden ihres Herkunftslandes in die Irre gef\u00fchrt hatten. Der Direktor sagte, Serbien k\u00f6nne illegale Einwanderer aufnehmen, bis sie ihre Reise nach Westeuropa fortsetzen k\u00f6nnten; Ihre Umsiedlung in Serbien steht jedoch au\u00dfer Frage, da das Land nicht \u00fcber das Gesundheits- und Sozialsystem sowie die Wohnm\u00f6glichkeiten verf\u00fcgt, die f\u00fcr die Integration einer gro\u00dfen Zahl von Migranten erforderlich sind.<\/p>\n<p>Djurovic betonte, dass Serbien bis zu sechstausend Migranten aufnehmen k\u00f6nne und diejenigen abschieben werde, die westeurop\u00e4ische L\u00e4nder nach Serbien zur\u00fcckschicken.<\/p>\n<p>Im Rahmen der laufenden Vorbereitungen sperrte Ungarn drei Bahn\u00fcberg\u00e4nge mit Kroatien f\u00fcr 30 Tage.<\/p>\n<p><em>Foto: MTI<\/em><\/p>\n","protected":false},"excerpt":{"rendered":"<p>Die Europ\u00e4ische Union k\u00f6nnte am 1. M\u00e4rz ihre Grenzen f\u00fcr illegale Einwanderer schlie\u00dfen, berichtete die serbische Nachrichtenagentur Danas unter Berufung auf EU-Quellen. An der slowenisch-kroatischen und serbisch-mazedonischen Grenze laufen derzeit Schlie\u00dfungssimulations\u00fcbungen, die bald in die Praxis umgesetzt werden, berichtete die serbische Nachrichtenagentur. Dem Bericht zufolge werden alle Migranten untersucht und befragt, um herauszufinden, ob sie [&hellip;]<\/p>\n","protected":false},"author":2,"featured_media":760653,"comment_status":"open","ping_status":"open","sticky":false,"template":"","format":"standard","meta":{"_acf_changed":false,"_display_image":"","footnotes":""},"categories":[1081],"tags":[1082,1445,1484],"class_list":["post-760652","post","type-post","status-publish","format-standard","has-post-thumbnail","hentry","category-politik","tag-europaische-union","tag-migration","tag-serbien"],"blocksy_meta":[],"acf":[],"author_username":"alk","telegram_post":"","public_post_metadata":{"breaking_news":"","important":"","csempe":"","center_tile":"","disable_thumbnail":"","target_lang":"","_featured_image_style":"","telegram_post":"","_xlat_group_id":""},"public_rank_math_data":{"title":"%title% %sep% %sitename%","description":"","focus_keyword":"","canonical_url":"","robots":"","primary_category":"1081","breadcrumb_title":"","facebook_title":"","facebook_description":"","facebook_image":"","facebook_image_id":"","twitter_title":"","twitter_description":"","twitter_image":"","twitter_image_id":"","twitter_card_type":"","twitter_use_facebook":"","advanced_robots":"","pillar_content":"","seo_score":"","contentai_score":"","rich_snippet":""},"_links":{"self":[{"href":"https:\/\/dailynewshungary.com\/de\/wp-json\/wp\/v2\/posts\/760652","targetHints":{"allow":["GET"]}}],"collection":[{"href":"https:\/\/dailynewshungary.com\/de\/wp-json\/wp\/v2\/posts"}],"about":[{"href":"https:\/\/dailynewshungary.com\/de\/wp-json\/wp\/v2\/types\/post"}],"author":[{"embeddable":true,"href":"https:\/\/dailynewshungary.com\/de\/wp-json\/wp\/v2\/users\/2"}],"replies":[{"embeddable":true,"href":"https:\/\/dailynewshungary.com\/de\/wp-json\/wp\/v2\/comments?post=760652"}],"version-history":[{"count":0,"href":"https:\/\/dailynewshungary.com\/de\/wp-json\/wp\/v2\/posts\/760652\/revisions"}],"wp:featuredmedia":[{"embeddable":true,"href":"https:\/\/dailynewshungary.com\/de\/wp-json\/wp\/v2\/media\/760653"}],"wp:attachment":[{"href":"https:\/\/dailynewshungary.com\/de\/wp-json\/wp\/v2\/media?parent=760652"}],"wp:term":[{"taxonomy":"category","embeddable":true,"href":"https:\/\/dailynewshungary.com\/de\/wp-json\/wp\/v2\/categories?post=760652"},{"taxonomy":"post_tag","embeddable":true,"href":"https:\/\/dailynewshungary.com\/de\/wp-json\/wp\/v2\/tags?post=760652"}],"curies":[{"name":"wp","href":"https:\/\/api.w.org\/{rel}","templated":true}]}}