{"id":760688,"date":"2016-02-19T11:40:58","date_gmt":"2016-02-19T10:40:58","guid":{"rendered":"https:\/\/dailynewshungary.com\/de\/ungarns-regierung-italien-erpresst-v4-politisch\/"},"modified":"2016-02-19T11:40:58","modified_gmt":"2016-02-19T10:40:58","slug":"ungarns-regierung-italien-erpresst-v4-politisch","status":"publish","type":"post","link":"https:\/\/dailynewshungary.com\/de\/ungarns-regierung-italien-erpresst-v4-politisch\/","title":{"rendered":"Ungarns Regierung: Italien erpresst V4 politisch"},"content":{"rendered":"<p><strong>Budapest, 19. Februar (MTI) 6 Italiens Ministerpr\u00e4sident Matteo Renzi erpresst Ungarn und den Rest der Visegrad-Gruppe (V4) politisch, indem er K\u00fcrzungen der EU-Mittel f\u00fcr die Tschechische Republik, Ungarn, Polen und die Slowakei fordert, wenn diese sich weigern, die zu akzeptieren obligatorische Migrantenquotenregelung, sagte der ungarische Regierungssprecher am Freitag im \u00f6ffentlichen Fernsehen als Reaktion auf Nachrichtenberichte.<\/strong><\/p>\n<p>Zolt\u00e1n Kov\u00e1cs sagte dem Nachrichtensender M1, dass die standhafte Position der V4 darin bestehe, dass es keinen Platz f\u00fcr verbindliche Quoten gebe. \u201eDas ist keine L\u00f6sung f\u00fcr Europa, sagte er und f\u00fcgte hinzu, dass echte, zuvor skizzierte L\u00f6sungen eingehalten werden sollten.<\/p>\n<p>Er bestand darauf, dass die bisher verfolgte Migrationspolitik gescheitert sei, da sie nicht umgesetzt werden k\u00f6nne. Es liege im Grundinteresse aller, dass bis heute vorangetriebene Initiativen und Erkl\u00e4rungen, wie das EU-T\u00fcrkei-Abkommen und das Beharren darauf, dass Griechenland seinen Schengen-Verpflichtungen nachkomme, umgesetzt w\u00fcrden, f\u00fcgte er hinzu.<\/p>\n","protected":false},"excerpt":{"rendered":"<p>Budapest, 19. Februar (MTI) 6 Italiens Ministerpr\u00e4sident Matteo Renzi erpresst Ungarn und den Rest der Visegrad-Gruppe (V4) politisch, indem er K\u00fcrzungen der EU-Mittel f\u00fcr die Tschechische Republik, Ungarn, Polen und die Slowakei fordert, wenn diese sich weigern, die zu akzeptieren obligatorische Migrantenquotenregelung, sagte der ungarische Regierungssprecher am Freitag im \u00f6ffentlichen Fernsehen als Reaktion auf Nachrichtenberichte. [&hellip;]<\/p>\n","protected":false},"author":2,"featured_media":760689,"comment_status":"open","ping_status":"open","sticky":false,"template":"","format":"standard","meta":{"_acf_changed":false,"_display_image":"","footnotes":""},"categories":[1081],"tags":[1082,1170,1445,1923],"class_list":["post-760688","post","type-post","status-publish","format-standard","has-post-thumbnail","hentry","category-politik","tag-europaische-union","tag-italien","tag-migration","tag-visegrad-vier"],"blocksy_meta":[],"acf":[],"author_username":"alk","telegram_post":"","public_post_metadata":{"breaking_news":"","important":"","csempe":"","center_tile":"","disable_thumbnail":"","target_lang":"","_featured_image_style":"","telegram_post":"","_xlat_group_id":""},"public_rank_math_data":{"title":"%title% %sep% %sitename%","description":"","focus_keyword":"Italien","canonical_url":"","robots":"","primary_category":"1081","breadcrumb_title":"","facebook_title":"","facebook_description":"","facebook_image":"","facebook_image_id":"","twitter_title":"","twitter_description":"","twitter_image":"","twitter_image_id":"","twitter_card_type":"","twitter_use_facebook":"","advanced_robots":"","pillar_content":"","seo_score":"56","contentai_score":"","rich_snippet":""},"_links":{"self":[{"href":"https:\/\/dailynewshungary.com\/de\/wp-json\/wp\/v2\/posts\/760688","targetHints":{"allow":["GET"]}}],"collection":[{"href":"https:\/\/dailynewshungary.com\/de\/wp-json\/wp\/v2\/posts"}],"about":[{"href":"https:\/\/dailynewshungary.com\/de\/wp-json\/wp\/v2\/types\/post"}],"author":[{"embeddable":true,"href":"https:\/\/dailynewshungary.com\/de\/wp-json\/wp\/v2\/users\/2"}],"replies":[{"embeddable":true,"href":"https:\/\/dailynewshungary.com\/de\/wp-json\/wp\/v2\/comments?post=760688"}],"version-history":[{"count":0,"href":"https:\/\/dailynewshungary.com\/de\/wp-json\/wp\/v2\/posts\/760688\/revisions"}],"wp:featuredmedia":[{"embeddable":true,"href":"https:\/\/dailynewshungary.com\/de\/wp-json\/wp\/v2\/media\/760689"}],"wp:attachment":[{"href":"https:\/\/dailynewshungary.com\/de\/wp-json\/wp\/v2\/media?parent=760688"}],"wp:term":[{"taxonomy":"category","embeddable":true,"href":"https:\/\/dailynewshungary.com\/de\/wp-json\/wp\/v2\/categories?post=760688"},{"taxonomy":"post_tag","embeddable":true,"href":"https:\/\/dailynewshungary.com\/de\/wp-json\/wp\/v2\/tags?post=760688"}],"curies":[{"name":"wp","href":"https:\/\/api.w.org\/{rel}","templated":true}]}}