{"id":760708,"date":"2016-02-18T17:30:45","date_gmt":"2016-02-18T16:30:45","guid":{"rendered":"https:\/\/dailynewshungary.com\/de\/ungarns-ausenminister-ungarn-lehnt-griechische-verurteilung-ab\/"},"modified":"2016-02-18T17:30:45","modified_gmt":"2016-02-18T16:30:45","slug":"ungarns-ausenminister-ungarn-lehnt-griechische-verurteilung-ab","status":"publish","type":"post","link":"https:\/\/dailynewshungary.com\/de\/ungarns-ausenminister-ungarn-lehnt-griechische-verurteilung-ab\/","title":{"rendered":"Ungarns Au\u00dfenminister: Ungarn lehnt griechische Verurteilung ab"},"content":{"rendered":"<p><strong>Prag, 18. Februar (MTI) \u201eUngarn weist den Standpunkt Griechenlands zur\u00fcck, dass L\u00e4nder, die keine Hilfe zur L\u00f6sung der Migrationskrise an den griechischen K\u00fcsten geleistet haben, Athen nicht kritisieren sollten, sagte Au\u00dfenminister Peter Szijj\u00e1r\u00f3 am Donnerstag in Prag.<\/strong><\/p>\n<p>Yannis Mouzalas, griechischer Migrationsminister, sagte heute vor der Presse, Athen k\u00f6nne Kritik aus europ\u00e4ischen L\u00e4ndern nicht akzeptieren, die nicht bei der Bew\u00e4ltigung der Migrationskrise helfen.<\/p>\n<p>Szijj\u00e1rt\u00f3 sagte auf einer Pressekonferenz w\u00e4hrend eines Treffens der Au\u00dfenminister von Visegrad Four, dass Griechenland selbst die aktuellen Schwierigkeiten verursacht habe. \u201eWenn sie die Vorschl\u00e4ge angenommen h\u00e4tten, die seit Monaten auf dem Tisch liegen, g\u00e4be es bereits eine gemeinsame europ\u00e4ische Truppe, die die s\u00fcdlichen Grenzen Griechenlands sch\u00fctzt, und die EU w\u00e4re nicht so verwundbar, wie sie jetzt ist.\u201c\u201d, sagte er. \u201eAnstatt heuchlerisch zu sein, sollten die Griechen weitermachen und etwas tun, f\u00fcgte der Minister hinzu.<\/p>\n<p><em>Foto: MTI<\/em><\/p>\n","protected":false},"excerpt":{"rendered":"<p>Prag, 18. Februar (MTI) \u201eUngarn weist den Standpunkt Griechenlands zur\u00fcck, dass L\u00e4nder, die keine Hilfe zur L\u00f6sung der Migrationskrise an den griechischen K\u00fcsten geleistet haben, Athen nicht kritisieren sollten, sagte Au\u00dfenminister Peter Szijj\u00e1r\u00f3 am Donnerstag in Prag. Yannis Mouzalas, griechischer Migrationsminister, sagte heute vor der Presse, Athen k\u00f6nne Kritik aus europ\u00e4ischen L\u00e4ndern nicht akzeptieren, die [&hellip;]<\/p>\n","protected":false},"author":2,"featured_media":760709,"comment_status":"open","ping_status":"open","sticky":false,"template":"","format":"standard","meta":{"_acf_changed":false,"_display_image":"","footnotes":""},"categories":[1081],"tags":[1169,1082],"class_list":["post-760708","post","type-post","status-publish","format-standard","has-post-thumbnail","hentry","category-politik","tag-aussenministerium-von-ungarn","tag-europaische-union"],"blocksy_meta":[],"acf":[],"author_username":"alk","telegram_post":"","public_post_metadata":{"breaking_news":"","important":"","csempe":"","center_tile":"","disable_thumbnail":"","target_lang":"","_featured_image_style":"","telegram_post":"","_xlat_group_id":""},"public_rank_math_data":{"title":"%title% %sep% %sitename%","description":"","focus_keyword":"","canonical_url":"","robots":"","primary_category":"1081","breadcrumb_title":"","facebook_title":"","facebook_description":"","facebook_image":"","facebook_image_id":"","twitter_title":"","twitter_description":"","twitter_image":"","twitter_image_id":"","twitter_card_type":"","twitter_use_facebook":"","advanced_robots":"","pillar_content":"","seo_score":"","contentai_score":"","rich_snippet":""},"_links":{"self":[{"href":"https:\/\/dailynewshungary.com\/de\/wp-json\/wp\/v2\/posts\/760708","targetHints":{"allow":["GET"]}}],"collection":[{"href":"https:\/\/dailynewshungary.com\/de\/wp-json\/wp\/v2\/posts"}],"about":[{"href":"https:\/\/dailynewshungary.com\/de\/wp-json\/wp\/v2\/types\/post"}],"author":[{"embeddable":true,"href":"https:\/\/dailynewshungary.com\/de\/wp-json\/wp\/v2\/users\/2"}],"replies":[{"embeddable":true,"href":"https:\/\/dailynewshungary.com\/de\/wp-json\/wp\/v2\/comments?post=760708"}],"version-history":[{"count":0,"href":"https:\/\/dailynewshungary.com\/de\/wp-json\/wp\/v2\/posts\/760708\/revisions"}],"wp:featuredmedia":[{"embeddable":true,"href":"https:\/\/dailynewshungary.com\/de\/wp-json\/wp\/v2\/media\/760709"}],"wp:attachment":[{"href":"https:\/\/dailynewshungary.com\/de\/wp-json\/wp\/v2\/media?parent=760708"}],"wp:term":[{"taxonomy":"category","embeddable":true,"href":"https:\/\/dailynewshungary.com\/de\/wp-json\/wp\/v2\/categories?post=760708"},{"taxonomy":"post_tag","embeddable":true,"href":"https:\/\/dailynewshungary.com\/de\/wp-json\/wp\/v2\/tags?post=760708"}],"curies":[{"name":"wp","href":"https:\/\/api.w.org\/{rel}","templated":true}]}}