{"id":760756,"date":"2016-02-17T06:30:36","date_gmt":"2016-02-17T05:30:36","guid":{"rendered":"https:\/\/dailynewshungary.com\/de\/die-europaische-strategie-sollte-darauf-abzielen-die-migration-zu-verlangsamen-oder-zu-stoppen-sagt-die-offizielle\/"},"modified":"2016-02-17T06:30:36","modified_gmt":"2016-02-17T05:30:36","slug":"die-europaische-strategie-sollte-darauf-abzielen-die-migration-zu-verlangsamen-oder-zu-stoppen-sagt-die-offizielle","status":"publish","type":"post","link":"https:\/\/dailynewshungary.com\/de\/die-europaische-strategie-sollte-darauf-abzielen-die-migration-zu-verlangsamen-oder-zu-stoppen-sagt-die-offizielle\/","title":{"rendered":"Die europ\u00e4ische Strategie sollte darauf abzielen, die Migration zu verlangsamen oder zu stoppen, sagt die offizielle"},"content":{"rendered":"<p><strong>Br\u00fcssel-Ungarn m\u00f6chte, dass die Teilnehmer des bevorstehenden Gipfeltreffens der Europ\u00e4ischen Union ein Dokument verabschieden, in dem es hei\u00dft, dass die Ma\u00dfnahmen des Blocks darauf abzielen sollten, die Migration zu verlangsamen oder einzud\u00e4mmen, sagte Szabolcs Tak\u00e1cs, Staatssekret\u00e4r im B\u00fcro des ungarischen Premierministers, am Dienstag in Br\u00fcssel.<\/strong><\/p>\n<p>Tak\u00e1cs sprach nach einem Treffen der EU-Minister im Vorfeld eines f\u00fcr Donnerstag und Freitag geplanten Gipfels.<\/p>\n<p>Die von der Visegrad-Gruppe am Montag in Prag angenommene Erkl\u00e4rung diene dem wirtschaftlich und sozial wichtigen Ziel, das Schengener Abkommen unter Ber\u00fccksichtigung des besonderen Standpunkts Mitteleuropas zu bewahren, sagte er Frans Timmermans, stellvertretender Pr\u00e4sident der Europ\u00e4ischen Kommission, lobte die V4-Erkl\u00e4rung zur Migration in diesem Zusammenhang und sagte, sie wolle einen sinnvollen Beitrag zur gemeinsamen europ\u00e4ischen Suche nach einer L\u00f6sung leisten, sagte Tak\u00e1cs.<\/p>\n<p>Zu den Bem\u00fchungen der vier Visegrad-L\u00e4nder, zu einer europ\u00e4ischen L\u00f6sung des Migrationsproblems beizutragen, sagte Tak\u00e1cs, die V4 halte es f\u00fcr entscheidend, dass eine nachhaltige L\u00f6sung zum Schutz der EU-Au\u00dfengrenzen entstehen m\u00fcsse. Die St\u00e4rkung der Grenze zwischen Griechenland und Mazedonien sei von zentraler Bedeutung und d\u00fcrfe nicht als Vorgehen gegen Griechenland, sondern als F\u00f6rderung der gemeinsamen Interessen Europas angesehen werden, sagte er. Auch Griechenland sollte jede erdenkliche Hilfe bei der Durchsetzung der Schengen-Regeln erhalten, sagte Takacs.<\/p>\n<p>Ziel sei, dass die EU entlang der S\u00fcdgrenzen Griechenlands gesch\u00fctzt werde, \u201cwenn das aber nicht funktioniert, darf Europa nicht ungesch\u00fctzt vor Migration gelassen werden\u201d, sagte der Staatssekret\u00e4r.<\/p>\n<p>Der Vorschlag Ungarns, Asylbewerbern nicht zu erlauben, Hotspots zu verlassen, bevor die Beh\u00f6rden in ihrem Fall eine Entscheidung treffen, fand starke Unterst\u00fctzung, sagte Tak\u00e1cs.<\/p>\n<p>Zu einem anderen Thema sagte er, Ungarn begr\u00fc\u00dfe einen britischen Vorschlag, der auf eine Erweiterung der nationalen Kompetenzen abzieleDie St\u00e4rkung der nationalen Parlamente w\u00fcrde es Europa erm\u00f6glichen, sowohl auf externe als auch auf interne Herausforderungen besser zu reagieren, argumentierte Tak\u00e1cs.<\/p>\n<p><em>Foto: MTI<\/em><\/p>\n","protected":false},"excerpt":{"rendered":"<p>Br\u00fcssel-Ungarn m\u00f6chte, dass die Teilnehmer des bevorstehenden Gipfeltreffens der Europ\u00e4ischen Union ein Dokument verabschieden, in dem es hei\u00dft, dass die Ma\u00dfnahmen des Blocks darauf abzielen sollten, die Migration zu verlangsamen oder einzud\u00e4mmen, sagte Szabolcs Tak\u00e1cs, Staatssekret\u00e4r im B\u00fcro des ungarischen Premierministers, am Dienstag in Br\u00fcssel. Tak\u00e1cs sprach nach einem Treffen der EU-Minister im Vorfeld eines [&hellip;]<\/p>\n","protected":false},"author":2,"featured_media":760757,"comment_status":"open","ping_status":"open","sticky":false,"template":"","format":"standard","meta":{"_acf_changed":false,"_display_image":"","footnotes":""},"categories":[1081],"tags":[1082,1445],"class_list":["post-760756","post","type-post","status-publish","format-standard","has-post-thumbnail","hentry","category-politik","tag-europaische-union","tag-migration"],"blocksy_meta":[],"acf":[],"author_username":"alk","telegram_post":"","public_post_metadata":{"breaking_news":"","important":"","csempe":"","center_tile":"","disable_thumbnail":"","target_lang":"","_featured_image_style":"","telegram_post":"","_xlat_group_id":""},"public_rank_math_data":{"title":"%title% %sep% %sitename%","description":"","focus_keyword":"","canonical_url":"","robots":"","primary_category":"1081","breadcrumb_title":"","facebook_title":"","facebook_description":"","facebook_image":"","facebook_image_id":"","twitter_title":"","twitter_description":"","twitter_image":"","twitter_image_id":"","twitter_card_type":"","twitter_use_facebook":"","advanced_robots":"","pillar_content":"","seo_score":"","contentai_score":"","rich_snippet":""},"_links":{"self":[{"href":"https:\/\/dailynewshungary.com\/de\/wp-json\/wp\/v2\/posts\/760756","targetHints":{"allow":["GET"]}}],"collection":[{"href":"https:\/\/dailynewshungary.com\/de\/wp-json\/wp\/v2\/posts"}],"about":[{"href":"https:\/\/dailynewshungary.com\/de\/wp-json\/wp\/v2\/types\/post"}],"author":[{"embeddable":true,"href":"https:\/\/dailynewshungary.com\/de\/wp-json\/wp\/v2\/users\/2"}],"replies":[{"embeddable":true,"href":"https:\/\/dailynewshungary.com\/de\/wp-json\/wp\/v2\/comments?post=760756"}],"version-history":[{"count":0,"href":"https:\/\/dailynewshungary.com\/de\/wp-json\/wp\/v2\/posts\/760756\/revisions"}],"wp:featuredmedia":[{"embeddable":true,"href":"https:\/\/dailynewshungary.com\/de\/wp-json\/wp\/v2\/media\/760757"}],"wp:attachment":[{"href":"https:\/\/dailynewshungary.com\/de\/wp-json\/wp\/v2\/media?parent=760756"}],"wp:term":[{"taxonomy":"category","embeddable":true,"href":"https:\/\/dailynewshungary.com\/de\/wp-json\/wp\/v2\/categories?post=760756"},{"taxonomy":"post_tag","embeddable":true,"href":"https:\/\/dailynewshungary.com\/de\/wp-json\/wp\/v2\/tags?post=760756"}],"curies":[{"name":"wp","href":"https:\/\/api.w.org\/{rel}","templated":true}]}}