{"id":760769,"date":"2016-02-16T19:00:57","date_gmt":"2016-02-16T18:00:57","guid":{"rendered":"https:\/\/dailynewshungary.com\/de\/jobbik-kritisiert-den-v4-gipfel-dafur-dass-es-an-konkreten-vorschlagen-zur-migrantenkrise-mangelt\/"},"modified":"2016-02-16T19:00:57","modified_gmt":"2016-02-16T18:00:57","slug":"jobbik-kritisiert-den-v4-gipfel-dafur-dass-es-an-konkreten-vorschlagen-zur-migrantenkrise-mangelt","status":"publish","type":"post","link":"https:\/\/dailynewshungary.com\/de\/jobbik-kritisiert-den-v4-gipfel-dafur-dass-es-an-konkreten-vorschlagen-zur-migrantenkrise-mangelt\/","title":{"rendered":"Jobbik kritisiert den V4-Gipfel daf\u00fcr, dass es an konkreten Vorschl\u00e4gen zur Migrantenkrise mangelt"},"content":{"rendered":"<p><strong>Budapest, 16. Februar (MTI) \u2013 Die radikal-nationalistische Jobbik-Partei hat die Premierminister Ungarns, der Slowakei, Polens und der Tschechischen Republik daf\u00fcr kritisiert, dass sie sich ihrer eigenen politischen Rhetorik hingaben, anstatt ein echtes B\u00fcndnis zur Bew\u00e4ltigung der Fl\u00fcchtlingskrise zu bilden.<\/strong><\/p>\n<p>In einem Kommentar zu der Pressekonferenz der Ministerpr\u00e4sidenten nach dem Gipfeltreffen der Visegrad-Gruppe am Montag teilten die Jobbik-Abgeordneten D\u00e1niel Z. K\u00e1rp\u00e1t und M\u00e1rton Gy\u00f6ngy\u00f6si MTI mit, dass es den V4-Ministerpr\u00e4sidenten an konkreten Vorschl\u00e4gen zur Bew\u00e4ltigung der europ\u00e4ischen Fl\u00fcchtlingskrise mangele.<\/p>\n<p>Trotz der Erwartungen, dass die V4-Staats- und Regierungschefs auf dem Gipfel in Prag eine gemeinsame Herausforderung gegen das Fl\u00fcchtlingsquotensystem der Europ\u00e4ischen Union stellen oder sich offiziell auf die Einrichtung einer zweiten Verteidigungslinie gegen den Migrantenstrom in Mazedonien und Bulgarien einigen w\u00fcrden, boten die vier Premierminister kaum konkrete Vorschl\u00e4ge an L\u00f6sungen, sagten sie.<\/p>\n<p>Die Jobbik-Politiker sagten, die V4-L\u00e4nder sollten ein echtes B\u00fcndnis zur Bew\u00e4ltigung der Fl\u00fcchtlingskrise bilden und die Angebote der Balkanstaaten annehmen, ohne EU-Beteiligung selbst beim Aufbau einer Verteidigungslinie zu helfen.<\/p>\n","protected":false},"excerpt":{"rendered":"<p>Budapest, 16. Februar (MTI) \u2013 Die radikal-nationalistische Jobbik-Partei hat die Premierminister Ungarns, der Slowakei, Polens und der Tschechischen Republik daf\u00fcr kritisiert, dass sie sich ihrer eigenen politischen Rhetorik hingaben, anstatt ein echtes B\u00fcndnis zur Bew\u00e4ltigung der Fl\u00fcchtlingskrise zu bilden. In einem Kommentar zu der Pressekonferenz der Ministerpr\u00e4sidenten nach dem Gipfeltreffen der Visegrad-Gruppe am Montag teilten [&hellip;]<\/p>\n","protected":false},"author":2,"featured_media":760770,"comment_status":"open","ping_status":"open","sticky":false,"template":"","format":"standard","meta":{"_acf_changed":false,"_display_image":"","footnotes":""},"categories":[1081],"tags":[1082,1632,1445,1923],"class_list":["post-760769","post","type-post","status-publish","format-standard","has-post-thumbnail","hentry","category-politik","tag-europaische-union","tag-jobbik","tag-migration","tag-visegrad-vier"],"blocksy_meta":[],"acf":[],"author_username":"alk","telegram_post":"","public_post_metadata":{"breaking_news":"","important":"","csempe":"","center_tile":"","disable_thumbnail":"","target_lang":"","_featured_image_style":"","telegram_post":"","_xlat_group_id":""},"public_rank_math_data":{"title":"%title% %sep% %sitename%","description":"","focus_keyword":"","canonical_url":"","robots":"","primary_category":"1081","breadcrumb_title":"","facebook_title":"","facebook_description":"","facebook_image":"","facebook_image_id":"","twitter_title":"","twitter_description":"","twitter_image":"","twitter_image_id":"","twitter_card_type":"","twitter_use_facebook":"","advanced_robots":"","pillar_content":"","seo_score":"","contentai_score":"","rich_snippet":""},"_links":{"self":[{"href":"https:\/\/dailynewshungary.com\/de\/wp-json\/wp\/v2\/posts\/760769","targetHints":{"allow":["GET"]}}],"collection":[{"href":"https:\/\/dailynewshungary.com\/de\/wp-json\/wp\/v2\/posts"}],"about":[{"href":"https:\/\/dailynewshungary.com\/de\/wp-json\/wp\/v2\/types\/post"}],"author":[{"embeddable":true,"href":"https:\/\/dailynewshungary.com\/de\/wp-json\/wp\/v2\/users\/2"}],"replies":[{"embeddable":true,"href":"https:\/\/dailynewshungary.com\/de\/wp-json\/wp\/v2\/comments?post=760769"}],"version-history":[{"count":0,"href":"https:\/\/dailynewshungary.com\/de\/wp-json\/wp\/v2\/posts\/760769\/revisions"}],"wp:featuredmedia":[{"embeddable":true,"href":"https:\/\/dailynewshungary.com\/de\/wp-json\/wp\/v2\/media\/760770"}],"wp:attachment":[{"href":"https:\/\/dailynewshungary.com\/de\/wp-json\/wp\/v2\/media?parent=760769"}],"wp:term":[{"taxonomy":"category","embeddable":true,"href":"https:\/\/dailynewshungary.com\/de\/wp-json\/wp\/v2\/categories?post=760769"},{"taxonomy":"post_tag","embeddable":true,"href":"https:\/\/dailynewshungary.com\/de\/wp-json\/wp\/v2\/tags?post=760769"}],"curies":[{"name":"wp","href":"https:\/\/api.w.org\/{rel}","templated":true}]}}