{"id":760793,"date":"2016-02-16T06:30:31","date_gmt":"2016-02-16T05:30:31","guid":{"rendered":"https:\/\/dailynewshungary.com\/de\/ausenministerium-begrust-antrag-bosnien-herzegowinas-auf-beitritt-zur-eu\/"},"modified":"2016-02-16T06:30:31","modified_gmt":"2016-02-16T05:30:31","slug":"ausenministerium-begrust-antrag-bosnien-herzegowinas-auf-beitritt-zur-eu","status":"publish","type":"post","link":"https:\/\/dailynewshungary.com\/de\/ausenministerium-begrust-antrag-bosnien-herzegowinas-auf-beitritt-zur-eu\/","title":{"rendered":"Au\u00dfenministerium begr\u00fc\u00dft Antrag Bosnien-Herzegowinas auf Beitritt zur EU"},"content":{"rendered":"<p><strong>Budapest, 15. Februar (MTI) \u2013 Ungarn begr\u00fc\u00dft Bosnien-Herzegowina, das einen formellen Antrag auf Beitritt zur Europ\u00e4ischen Union stellt, teilte das Au\u00dfenministerium MTI mit.<\/strong><\/p>\n<p>In einer Erkl\u00e4rung zum EU-Au\u00dfenministertreffen am Montag erkl\u00e4rte das Ministerium, Ungarn sei bereit, den EU-Beitrittsprozess Bosnien-Herzegowinas weiter zu unterst\u00fctzen.<\/p>\n<p>Eines der Hauptthemen des Treffens war die Zukunft der Beziehungen der EU zu Belarus und die Minister stimmten daf\u00fcr, die Sanktionen gegen 170 Wei\u00dfrussen einschlie\u00dflich Pr\u00e4sident Alexander Lukaschenko per Ende Februar zu beendenDie EU wird ihr Waffenembargo jedoch beibehalten, teilte das Ministerium mit.<\/p>\n<p>Der Staatssekret\u00e4r des Au\u00dfenministeriums Laszlo Szabo, der die ungarische Delegation leitete, sagte bei dem Treffen, dass die Freilassung politischer Gefangener durch Belarus im vergangenen Jahr und die \u00d6ffnung des Landes gegen\u00fcber der EU insgesamt dazu beigetragen h\u00e4tten, dass die EU ihren Ansatz gegen\u00fcber Belarus verschiebe.<\/p>\n<p>Die Minister er\u00f6rterten auch die innenpolitischen Spannungen in Moldawien sowie die politische, sicherheitspolitische und humanit\u00e4re Krise Syriens.<\/p>\n<p>Bez\u00fcglich der Klimadiplomatieziele der EU f\u00fcr 2016 informierte Szabo die Delegierten \u00fcber Ungarns Vorbereitungen f\u00fcr den globalen Wassergipfel, der Ende des Jahres in Budapest stattfinden wird.<\/p>\n","protected":false},"excerpt":{"rendered":"<p>Budapest, 15. Februar (MTI) \u2013 Ungarn begr\u00fc\u00dft Bosnien-Herzegowina, das einen formellen Antrag auf Beitritt zur Europ\u00e4ischen Union stellt, teilte das Au\u00dfenministerium MTI mit. In einer Erkl\u00e4rung zum EU-Au\u00dfenministertreffen am Montag erkl\u00e4rte das Ministerium, Ungarn sei bereit, den EU-Beitrittsprozess Bosnien-Herzegowinas weiter zu unterst\u00fctzen. Eines der Hauptthemen des Treffens war die Zukunft der Beziehungen der EU zu [&hellip;]<\/p>\n","protected":false},"author":2,"featured_media":760794,"comment_status":"open","ping_status":"open","sticky":false,"template":"","format":"standard","meta":{"_acf_changed":false,"_display_image":"","footnotes":""},"categories":[1081],"tags":[1169,1243,1082],"class_list":["post-760793","post","type-post","status-publish","format-standard","has-post-thumbnail","hentry","category-politik","tag-aussenministerium-von-ungarn","tag-balkan","tag-europaische-union"],"blocksy_meta":[],"acf":[],"author_username":"alk","telegram_post":"","public_post_metadata":{"breaking_news":"","important":"","csempe":"","center_tile":"","disable_thumbnail":"","target_lang":"","_featured_image_style":"","telegram_post":"","_xlat_group_id":""},"public_rank_math_data":{"title":"%title% %sep% %sitename%","description":"","focus_keyword":"","canonical_url":"","robots":"","primary_category":"1081","breadcrumb_title":"","facebook_title":"","facebook_description":"","facebook_image":"","facebook_image_id":"","twitter_title":"","twitter_description":"","twitter_image":"","twitter_image_id":"","twitter_card_type":"","twitter_use_facebook":"","advanced_robots":"","pillar_content":"","seo_score":"","contentai_score":"","rich_snippet":""},"_links":{"self":[{"href":"https:\/\/dailynewshungary.com\/de\/wp-json\/wp\/v2\/posts\/760793","targetHints":{"allow":["GET"]}}],"collection":[{"href":"https:\/\/dailynewshungary.com\/de\/wp-json\/wp\/v2\/posts"}],"about":[{"href":"https:\/\/dailynewshungary.com\/de\/wp-json\/wp\/v2\/types\/post"}],"author":[{"embeddable":true,"href":"https:\/\/dailynewshungary.com\/de\/wp-json\/wp\/v2\/users\/2"}],"replies":[{"embeddable":true,"href":"https:\/\/dailynewshungary.com\/de\/wp-json\/wp\/v2\/comments?post=760793"}],"version-history":[{"count":0,"href":"https:\/\/dailynewshungary.com\/de\/wp-json\/wp\/v2\/posts\/760793\/revisions"}],"wp:featuredmedia":[{"embeddable":true,"href":"https:\/\/dailynewshungary.com\/de\/wp-json\/wp\/v2\/media\/760794"}],"wp:attachment":[{"href":"https:\/\/dailynewshungary.com\/de\/wp-json\/wp\/v2\/media?parent=760793"}],"wp:term":[{"taxonomy":"category","embeddable":true,"href":"https:\/\/dailynewshungary.com\/de\/wp-json\/wp\/v2\/categories?post=760793"},{"taxonomy":"post_tag","embeddable":true,"href":"https:\/\/dailynewshungary.com\/de\/wp-json\/wp\/v2\/tags?post=760793"}],"curies":[{"name":"wp","href":"https:\/\/api.w.org\/{rel}","templated":true}]}}