{"id":760888,"date":"2016-02-12T13:40:15","date_gmt":"2016-02-12T12:40:15","guid":{"rendered":"https:\/\/dailynewshungary.com\/de\/ungarn-erwartet-wachsenden-migrantendruck\/"},"modified":"2016-02-12T13:40:15","modified_gmt":"2016-02-12T12:40:15","slug":"ungarn-erwartet-wachsenden-migrantendruck","status":"publish","type":"post","link":"https:\/\/dailynewshungary.com\/de\/ungarn-erwartet-wachsenden-migrantendruck\/","title":{"rendered":"Ungarn erwartet wachsenden Migrantendruck"},"content":{"rendered":"<p><strong>Budapest (MTI) \u201eUngarn wird in diesem Jahr einem wachsenden Druck von Migranten ausgesetzt sein, sagte Regierungsamtsleiter J\u00e1nos L\u00e1z\u00e1r.<\/strong><\/p>\n<p>Ungarn wendet sich gegen Versuche Br\u00fcssels, seinen Mitgliedstaaten \u201cverbindliche Quoten aufzuerlegen\u201d, sagte L\u00e1z\u00e1r am Donnerstag in einer regelm\u00e4\u00dfigen Pressekonferenz der Regierung.<\/p>\n<p>Die Sicherheit des Kontinents werde sich im kommenden Jahrzehnt aufgrund der Migrantenkrise nicht verbessern, sagte er.<\/p>\n<p>Ungarn d\u00fcrfte ab dem Fr\u00fchjahr einer weiteren Welle des Migrantendrucks ausgesetzt sein und ist daher bereit, entlang seiner Grenze einen neuen Zaun zu errichten, diesmal an der Grenze zu Rum\u00e4nien, sagte L\u00e1z\u00e1r.<\/p>\n<p>Ungarn befinde sich in st\u00e4ndigen Konsultationen mit Nachbarl\u00e4ndern, darunter Rum\u00e4nien, und die T\u00fcrkei tue dies gerade mit der Europ\u00e4ischen Union, sagte er.<\/p>\n<p>Unter Berufung auf Kommentare des t\u00fcrkischen Pr\u00e4sidenten Recep Tayyip Erdogan zu neuen syrischen Ank\u00f6mmlingen sagte L\u00e1z\u00e1r, die Regierung bereite sich auf die Notwendigkeit vor, Br\u00fcssel wegen eines Abkommens zwischen der EU und der T\u00fcrkei zur Rede zu stellen, das den Kontinent unter den Druck von Migranten setzen w\u00fcrde.<\/p>\n<p>Er sagte, die ungarische Grenze stehe erneut unter Druck und deshalb br\u00e4uchten auch die physischen Grenzverteidigungen rechtlichen Schutz. Er sagte, es bestehe keine Chance auf eine Entspannung der Migrantenkrise in Europa und f\u00fcgte hinzu, dass \u00e4hnliche Ereignisse wie im letzten Jahr wahrscheinlich auch in diesem Jahr stattfinden w\u00fcrden.<\/p>\n<p>Aus diesen Gr\u00fcnden sollten sich die Parlamentsparteien zusammenschlie\u00dfen, um die notwendigen Gesetze zu verabschieden, die es Armee und Polizei erm\u00f6glichen, gemeinsame Schritte zu unternehmen, um die Sicherheit im Land zu gew\u00e4hrleisten, sagte er.<\/p>\n<p>Der regierende Fidesz-Vorstand soll das Thema am Freitag er\u00f6rtern und entscheiden, ob eine nationale Konsultation im Zusammenhang mit der terroristischen Bedrohung abgehalten werden soll, sagte L\u00e1z\u00e1r und f\u00fcgte hinzu, dass es wichtig sei, dass die Gesellschaft ihre Meinung \u00e4u\u00dfert und die Oppositionsparteien dazu ermutigt, eine \u00c4nderung der Verfassung zu unterst\u00fctzen Die Opposition sollte verstehen, dass es \u00dcberlegungen gibt, die jenseits kurzfristiger parteipolitischer Interessen liegen, sagte L\u00e1z\u00e1r.<\/p>\n<p>Der Minister sagte, er werde pers\u00f6nlich eine nationale Konsultation oder ein Referendum zu diesem Thema unterst\u00fctzen.<\/p>\n<p>Auf eine ihm gestellte Frage zur Entscheidung, 170.000 Migranten unter deutschem Druck ohne Registrierung oder jegliche Kontrolle nach Europa zu lassen, antwortete L\u00e1z\u00e1r, dies sei der gr\u00f6\u00dfte Sicherheitsfehler, der in Mitteleuropa in den letzten zehn Jahren begangen wurde.<\/p>\n<p>Er wies darauf hin, dass der Premierminister Viktor Orb\u00e1n am Montag vor Beginn der Fr\u00fchjahrssitzung vor dem Parlament sprechen und dann zum Visegrad-Gipfel nach Prag reisen werde.<\/p>\n<p><em>Foto: MTI<\/em><\/p>\n","protected":false},"excerpt":{"rendered":"<p>Budapest (MTI) \u201eUngarn wird in diesem Jahr einem wachsenden Druck von Migranten ausgesetzt sein, sagte Regierungsamtsleiter J\u00e1nos L\u00e1z\u00e1r. Ungarn wendet sich gegen Versuche Br\u00fcssels, seinen Mitgliedstaaten \u201cverbindliche Quoten aufzuerlegen\u201d, sagte L\u00e1z\u00e1r am Donnerstag in einer regelm\u00e4\u00dfigen Pressekonferenz der Regierung. Die Sicherheit des Kontinents werde sich im kommenden Jahrzehnt aufgrund der Migrantenkrise nicht verbessern, sagte er. [&hellip;]<\/p>\n","protected":false},"author":2,"featured_media":760889,"comment_status":"open","ping_status":"open","sticky":false,"template":"","format":"standard","meta":{"_acf_changed":false,"_display_image":"","footnotes":""},"categories":[1081],"tags":[1082,1445,1236],"class_list":["post-760888","post","type-post","status-publish","format-standard","has-post-thumbnail","hentry","category-politik","tag-europaische-union","tag-migration","tag-polizei"],"blocksy_meta":[],"acf":[],"author_username":"alk","telegram_post":"","public_post_metadata":{"breaking_news":"","important":"","csempe":"","center_tile":"","disable_thumbnail":"","target_lang":"","_featured_image_style":"","telegram_post":"","_xlat_group_id":""},"public_rank_math_data":{"title":"%title% %sep% %sitename%","description":"","focus_keyword":"","canonical_url":"","robots":"","primary_category":"1081","breadcrumb_title":"","facebook_title":"","facebook_description":"","facebook_image":"","facebook_image_id":"","twitter_title":"","twitter_description":"","twitter_image":"","twitter_image_id":"","twitter_card_type":"","twitter_use_facebook":"","advanced_robots":"","pillar_content":"","seo_score":"","contentai_score":"","rich_snippet":""},"_links":{"self":[{"href":"https:\/\/dailynewshungary.com\/de\/wp-json\/wp\/v2\/posts\/760888","targetHints":{"allow":["GET"]}}],"collection":[{"href":"https:\/\/dailynewshungary.com\/de\/wp-json\/wp\/v2\/posts"}],"about":[{"href":"https:\/\/dailynewshungary.com\/de\/wp-json\/wp\/v2\/types\/post"}],"author":[{"embeddable":true,"href":"https:\/\/dailynewshungary.com\/de\/wp-json\/wp\/v2\/users\/2"}],"replies":[{"embeddable":true,"href":"https:\/\/dailynewshungary.com\/de\/wp-json\/wp\/v2\/comments?post=760888"}],"version-history":[{"count":0,"href":"https:\/\/dailynewshungary.com\/de\/wp-json\/wp\/v2\/posts\/760888\/revisions"}],"wp:featuredmedia":[{"embeddable":true,"href":"https:\/\/dailynewshungary.com\/de\/wp-json\/wp\/v2\/media\/760889"}],"wp:attachment":[{"href":"https:\/\/dailynewshungary.com\/de\/wp-json\/wp\/v2\/media?parent=760888"}],"wp:term":[{"taxonomy":"category","embeddable":true,"href":"https:\/\/dailynewshungary.com\/de\/wp-json\/wp\/v2\/categories?post=760888"},{"taxonomy":"post_tag","embeddable":true,"href":"https:\/\/dailynewshungary.com\/de\/wp-json\/wp\/v2\/tags?post=760888"}],"curies":[{"name":"wp","href":"https:\/\/api.w.org\/{rel}","templated":true}]}}