{"id":760918,"date":"2016-02-11T18:00:59","date_gmt":"2016-02-11T17:00:59","guid":{"rendered":"https:\/\/dailynewshungary.com\/de\/ungarn-fordert-griechenland-nachdrucklich-auf-sich-an-die-schengen-regeln-zu-halten\/"},"modified":"2016-02-11T18:00:59","modified_gmt":"2016-02-11T17:00:59","slug":"ungarn-fordert-griechenland-nachdrucklich-auf-sich-an-die-schengen-regeln-zu-halten","status":"publish","type":"post","link":"https:\/\/dailynewshungary.com\/de\/ungarn-fordert-griechenland-nachdrucklich-auf-sich-an-die-schengen-regeln-zu-halten\/","title":{"rendered":"Ungarn fordert Griechenland nachdr\u00fccklich auf, sich an die Schengen-Regeln zu halten"},"content":{"rendered":"<p><strong>Budapest, 11. Februar (MTI) \u2013 P\u00e9ter Szijj\u00e1rt\u00f3, Ungarns Au\u00dfenminister, wies in einem aktuellen Presseinterview kritische Bemerkungen des stellvertretenden griechischen Au\u00dfenministers im Zusammenhang mit der Fl\u00fcchtlingskrise zur\u00fcck.<\/strong><\/p>\n<blockquote>\n<p>Es sei ironisch, dass der stellvertretende griechische Au\u00dfenminister \u201cversucht, uns etwas \u00fcber Solidarit\u00e4t und die Regeln beizubringen\u201d, sagte er.<\/p>\n<\/blockquote>\n<p>Nikos Ksidakis, der stellvertretende griechische Minister, sagte am Donnerstag im N\u00e9pszabads\u00e1g, Griechenland sei \u201e\u00fcber die Anschuldigungen entt\u00e4uscht, die die ungarische Regierung im Zusammenhang mit der Fl\u00fcchtlingskrise gegen Athen erhoben hat&#8230;\u201cDie ungarische Regierung erhebt Anschuldigungen, anstatt bei der Bew\u00e4ltigung der Fl\u00fcchtlingskrise zu helfen.\u201d, sagte er.<\/p>\n<p>Als Reaktion darauf sagte Szijj\u00e1rt\u00f3, dass Europa gegen\u00fcber dem S\u00fcden wehrlos sei, weil Griechenland die Schengen-Anforderungen nicht eingehalten habe.<\/p>\n<p>Ungarn r\u00e4umt ein, dass ein Land nicht in der Lage sei, eine Seegrenze von Tausenden Kilometern aus eigenen Mitteln zu verteidigen. Aus diesem Grund habe es vor einigen Monaten vorgeschlagen, eine europ\u00e4ische Verteidigungstruppe einzurichten, die in der Lage sei, die S\u00fcdgrenze der EU zu sch\u00fctzen, sagte er.<\/p>\n<p>\u201cWir brauchen Soldaten, Polizisten, Schiffe, Hubschrauber, Flugzeugkisten anstelle von B\u00fcrokraten und Frontex-Offiziellen f\u00fcr die Verteidigung der Grenze\u201d, sagte der Minister und f\u00fcgte hinzu, dass Ungarn Personal f\u00fcr den gemeinsamen Grenzschutz bereitstellen w\u00fcrde.<\/p>\n<p><em>Foto: MTI<\/em><\/p>\n","protected":false},"excerpt":{"rendered":"<p>Budapest, 11. Februar (MTI) \u2013 P\u00e9ter Szijj\u00e1rt\u00f3, Ungarns Au\u00dfenminister, wies in einem aktuellen Presseinterview kritische Bemerkungen des stellvertretenden griechischen Au\u00dfenministers im Zusammenhang mit der Fl\u00fcchtlingskrise zur\u00fcck. Es sei ironisch, dass der stellvertretende griechische Au\u00dfenminister \u201cversucht, uns etwas \u00fcber Solidarit\u00e4t und die Regeln beizubringen\u201d, sagte er. Nikos Ksidakis, der stellvertretende griechische Minister, sagte am Donnerstag im [&hellip;]<\/p>\n","protected":false},"author":2,"featured_media":760919,"comment_status":"open","ping_status":"open","sticky":false,"template":"","format":"standard","meta":{"_acf_changed":false,"_display_image":"","footnotes":""},"categories":[1081],"tags":[1470,1082,1445,1299],"class_list":["post-760918","post","type-post","status-publish","format-standard","has-post-thumbnail","hentry","category-politik","tag-ausenministerium-fur-ungarn","tag-europaische-union","tag-migration","tag-schengen"],"blocksy_meta":[],"acf":[],"author_username":"alk","telegram_post":"","public_post_metadata":{"breaking_news":"","important":"","csempe":"","center_tile":"","disable_thumbnail":"","target_lang":"","_featured_image_style":"","telegram_post":"","_xlat_group_id":""},"public_rank_math_data":{"title":"%title% %sep% %sitename%","description":"","focus_keyword":"","canonical_url":"","robots":"","primary_category":"1081","breadcrumb_title":"","facebook_title":"","facebook_description":"","facebook_image":"","facebook_image_id":"","twitter_title":"","twitter_description":"","twitter_image":"","twitter_image_id":"","twitter_card_type":"","twitter_use_facebook":"","advanced_robots":"","pillar_content":"","seo_score":"","contentai_score":"","rich_snippet":""},"_links":{"self":[{"href":"https:\/\/dailynewshungary.com\/de\/wp-json\/wp\/v2\/posts\/760918","targetHints":{"allow":["GET"]}}],"collection":[{"href":"https:\/\/dailynewshungary.com\/de\/wp-json\/wp\/v2\/posts"}],"about":[{"href":"https:\/\/dailynewshungary.com\/de\/wp-json\/wp\/v2\/types\/post"}],"author":[{"embeddable":true,"href":"https:\/\/dailynewshungary.com\/de\/wp-json\/wp\/v2\/users\/2"}],"replies":[{"embeddable":true,"href":"https:\/\/dailynewshungary.com\/de\/wp-json\/wp\/v2\/comments?post=760918"}],"version-history":[{"count":0,"href":"https:\/\/dailynewshungary.com\/de\/wp-json\/wp\/v2\/posts\/760918\/revisions"}],"wp:featuredmedia":[{"embeddable":true,"href":"https:\/\/dailynewshungary.com\/de\/wp-json\/wp\/v2\/media\/760919"}],"wp:attachment":[{"href":"https:\/\/dailynewshungary.com\/de\/wp-json\/wp\/v2\/media?parent=760918"}],"wp:term":[{"taxonomy":"category","embeddable":true,"href":"https:\/\/dailynewshungary.com\/de\/wp-json\/wp\/v2\/categories?post=760918"},{"taxonomy":"post_tag","embeddable":true,"href":"https:\/\/dailynewshungary.com\/de\/wp-json\/wp\/v2\/tags?post=760918"}],"curies":[{"name":"wp","href":"https:\/\/api.w.org\/{rel}","templated":true}]}}