{"id":760932,"date":"2016-02-11T10:57:56","date_gmt":"2016-02-11T09:57:56","guid":{"rendered":"https:\/\/dailynewshungary.com\/de\/im-januar-kommen-mehr-migranten-nach-europa-als-im-vergangenen-juni\/"},"modified":"2016-02-11T10:57:56","modified_gmt":"2016-02-11T09:57:56","slug":"im-januar-kommen-mehr-migranten-nach-europa-als-im-vergangenen-juni","status":"publish","type":"post","link":"https:\/\/dailynewshungary.com\/de\/im-januar-kommen-mehr-migranten-nach-europa-als-im-vergangenen-juni\/","title":{"rendered":"Im Januar kommen mehr Migranten nach Europa als im vergangenen Juni"},"content":{"rendered":"<p><strong>Budapest, 11. Februar (MTI) 62.000 Migranten kamen im ersten Monat des Jahres in Europa an, mehr als im Juni 2015, sagte der Sicherheitsberater des Premierministers am Mittwochabend dem \u00f6ffentlichen Nachrichtensender M1.<\/strong><\/p>\n<p>In Ungarn seien allein am Dienstag 72 Menschen, die \u00fcberwiegend aus Pakistan, Nepal und dem afrikanischen Kontinent stammten, an der Grenze festgenommen worden, sagte Gyorgy Bakondi.<\/p>\n<p>Diese Migranten seien auf ihrer Reise nach Westeuropa von den Beh\u00f6rden an der mazedonischen Grenze angehalten worden, was sie und Menschenschmuggler gezwungen habe, alternative Transitrouten aufzusuchen, sagte erDie ungarischen Grenzkontrollbeh\u00f6rden seien bereit, mit einer zunehmenden Migrationswelle umzugehen, sagte er und f\u00fcgte hinzu, dass ausreichend Personal und Ausr\u00fcstung, einschlie\u00dflich Infrarotkameras, vorhanden seien. Der im vergangenen Jahr entlang der ungarischen S\u00fcdgrenze errichtete Zaun helfe auch ihrer Arbeit, sagte er.<\/p>\n<p><em>Foto: MTI<\/em><\/p>\n","protected":false},"excerpt":{"rendered":"<p>Budapest, 11. Februar (MTI) 62.000 Migranten kamen im ersten Monat des Jahres in Europa an, mehr als im Juni 2015, sagte der Sicherheitsberater des Premierministers am Mittwochabend dem \u00f6ffentlichen Nachrichtensender M1. In Ungarn seien allein am Dienstag 72 Menschen, die \u00fcberwiegend aus Pakistan, Nepal und dem afrikanischen Kontinent stammten, an der Grenze festgenommen worden, sagte [&hellip;]<\/p>\n","protected":false},"author":2,"featured_media":760933,"comment_status":"open","ping_status":"open","sticky":false,"template":"","format":"standard","meta":{"_acf_changed":false,"_display_image":"","footnotes":""},"categories":[1081],"tags":[1082,1445,1236],"class_list":["post-760932","post","type-post","status-publish","format-standard","has-post-thumbnail","hentry","category-politik","tag-europaische-union","tag-migration","tag-polizei"],"blocksy_meta":[],"acf":[],"author_username":"alk","telegram_post":"","public_post_metadata":{"breaking_news":"","important":"","csempe":"","center_tile":"","disable_thumbnail":"","target_lang":"","_featured_image_style":"","telegram_post":"","_xlat_group_id":""},"public_rank_math_data":{"title":"%title% %sep% %sitename%","description":"","focus_keyword":"","canonical_url":"","robots":"","primary_category":"1081","breadcrumb_title":"","facebook_title":"","facebook_description":"","facebook_image":"","facebook_image_id":"","twitter_title":"","twitter_description":"","twitter_image":"","twitter_image_id":"","twitter_card_type":"","twitter_use_facebook":"","advanced_robots":"","pillar_content":"","seo_score":"","contentai_score":"","rich_snippet":""},"_links":{"self":[{"href":"https:\/\/dailynewshungary.com\/de\/wp-json\/wp\/v2\/posts\/760932","targetHints":{"allow":["GET"]}}],"collection":[{"href":"https:\/\/dailynewshungary.com\/de\/wp-json\/wp\/v2\/posts"}],"about":[{"href":"https:\/\/dailynewshungary.com\/de\/wp-json\/wp\/v2\/types\/post"}],"author":[{"embeddable":true,"href":"https:\/\/dailynewshungary.com\/de\/wp-json\/wp\/v2\/users\/2"}],"replies":[{"embeddable":true,"href":"https:\/\/dailynewshungary.com\/de\/wp-json\/wp\/v2\/comments?post=760932"}],"version-history":[{"count":0,"href":"https:\/\/dailynewshungary.com\/de\/wp-json\/wp\/v2\/posts\/760932\/revisions"}],"wp:featuredmedia":[{"embeddable":true,"href":"https:\/\/dailynewshungary.com\/de\/wp-json\/wp\/v2\/media\/760933"}],"wp:attachment":[{"href":"https:\/\/dailynewshungary.com\/de\/wp-json\/wp\/v2\/media?parent=760932"}],"wp:term":[{"taxonomy":"category","embeddable":true,"href":"https:\/\/dailynewshungary.com\/de\/wp-json\/wp\/v2\/categories?post=760932"},{"taxonomy":"post_tag","embeddable":true,"href":"https:\/\/dailynewshungary.com\/de\/wp-json\/wp\/v2\/tags?post=760932"}],"curies":[{"name":"wp","href":"https:\/\/api.w.org\/{rel}","templated":true}]}}