{"id":760996,"date":"2016-02-09T08:59:06","date_gmt":"2016-02-09T07:59:06","guid":{"rendered":"https:\/\/dailynewshungary.com\/de\/ungarn-mochte-informationen-uber-mutmasliche-vergewaltigungen-von-burgern-in-malta\/"},"modified":"2016-02-09T08:59:06","modified_gmt":"2016-02-09T07:59:06","slug":"ungarn-mochte-informationen-uber-mutmasliche-vergewaltigungen-von-burgern-in-malta","status":"publish","type":"post","link":"https:\/\/dailynewshungary.com\/de\/ungarn-mochte-informationen-uber-mutmasliche-vergewaltigungen-von-burgern-in-malta\/","title":{"rendered":"Ungarn m\u00f6chte Informationen \u00fcber mutma\u00dfliche Vergewaltigungen von B\u00fcrgern in Malta"},"content":{"rendered":"<p><strong>Budapest (MTI) \u201eUngarn hat die maltesischen Beh\u00f6rden gebeten und aufgefordert, unverz\u00fcglich Informationen \u00fcber die mutma\u00dfliche Vergewaltigung einer ungarischen Frau durch einen libyschen Migranten in Malta bereitzustellen, \u00fcber die das Online-Nachrichtenportal hvg.hu berichtete, sagte Au\u00dfenminister P\u00e9ter Szijj\u00e1rt\u00f3 am Montag.<\/strong><\/p>\n<p>Ungarn hat noch keinen umfassenden Bericht der Beh\u00f6rden erhalten, aber die ungarische Botschaft in Rom und der Honorarkonsul in Malta haben die Best\u00e4tigung erhalten, dass ein ungarischer Staatsb\u00fcrger tats\u00e4chlich einen solchen Vorfall gemeldet hatte.<\/p>\n<p>Ungarn halte es f\u00fcr inakzeptabel, dass die maltesischen Beh\u00f6rden keine detaillierteren Informationen zu dem Fall vorgelegt h\u00e4tten, f\u00fcgte er hinzu.<\/p>\n","protected":false},"excerpt":{"rendered":"<p>Budapest (MTI) \u201eUngarn hat die maltesischen Beh\u00f6rden gebeten und aufgefordert, unverz\u00fcglich Informationen \u00fcber die mutma\u00dfliche Vergewaltigung einer ungarischen Frau durch einen libyschen Migranten in Malta bereitzustellen, \u00fcber die das Online-Nachrichtenportal hvg.hu berichtete, sagte Au\u00dfenminister P\u00e9ter Szijj\u00e1rt\u00f3 am Montag. Ungarn hat noch keinen umfassenden Bericht der Beh\u00f6rden erhalten, aber die ungarische Botschaft in Rom und der [&hellip;]<\/p>\n","protected":false},"author":2,"featured_media":760997,"comment_status":"open","ping_status":"open","sticky":false,"template":"","format":"standard","meta":{"_acf_changed":false,"_display_image":"","footnotes":""},"categories":[1098],"tags":[1169,1082,1179],"class_list":["post-760996","post","type-post","status-publish","format-standard","has-post-thumbnail","hentry","category-gesellschaft","tag-aussenministerium-von-ungarn","tag-europaische-union","tag-malta"],"blocksy_meta":[],"acf":[],"author_username":"alk","telegram_post":"","public_post_metadata":{"breaking_news":"","important":"","csempe":"","center_tile":"","disable_thumbnail":"","target_lang":"","_featured_image_style":"","telegram_post":"","_xlat_group_id":""},"public_rank_math_data":{"title":"%title% %sep% %sitename%","description":"","focus_keyword":"","canonical_url":"","robots":"","primary_category":"1098","breadcrumb_title":"","facebook_title":"","facebook_description":"","facebook_image":"","facebook_image_id":"","twitter_title":"","twitter_description":"","twitter_image":"","twitter_image_id":"","twitter_card_type":"","twitter_use_facebook":"","advanced_robots":"","pillar_content":"","seo_score":"","contentai_score":"","rich_snippet":""},"_links":{"self":[{"href":"https:\/\/dailynewshungary.com\/de\/wp-json\/wp\/v2\/posts\/760996","targetHints":{"allow":["GET"]}}],"collection":[{"href":"https:\/\/dailynewshungary.com\/de\/wp-json\/wp\/v2\/posts"}],"about":[{"href":"https:\/\/dailynewshungary.com\/de\/wp-json\/wp\/v2\/types\/post"}],"author":[{"embeddable":true,"href":"https:\/\/dailynewshungary.com\/de\/wp-json\/wp\/v2\/users\/2"}],"replies":[{"embeddable":true,"href":"https:\/\/dailynewshungary.com\/de\/wp-json\/wp\/v2\/comments?post=760996"}],"version-history":[{"count":0,"href":"https:\/\/dailynewshungary.com\/de\/wp-json\/wp\/v2\/posts\/760996\/revisions"}],"wp:featuredmedia":[{"embeddable":true,"href":"https:\/\/dailynewshungary.com\/de\/wp-json\/wp\/v2\/media\/760997"}],"wp:attachment":[{"href":"https:\/\/dailynewshungary.com\/de\/wp-json\/wp\/v2\/media?parent=760996"}],"wp:term":[{"taxonomy":"category","embeddable":true,"href":"https:\/\/dailynewshungary.com\/de\/wp-json\/wp\/v2\/categories?post=760996"},{"taxonomy":"post_tag","embeddable":true,"href":"https:\/\/dailynewshungary.com\/de\/wp-json\/wp\/v2\/tags?post=760996"}],"curies":[{"name":"wp","href":"https:\/\/api.w.org\/{rel}","templated":true}]}}