{"id":761076,"date":"2016-02-06T07:00:20","date_gmt":"2016-02-06T06:00:20","guid":{"rendered":"https:\/\/dailynewshungary.com\/de\/eu-ausenminister-konzentrieren-sich-auf-neue-europaische-verteidigungsstrategie\/"},"modified":"2016-02-06T07:00:20","modified_gmt":"2016-02-06T06:00:20","slug":"eu-ausenminister-konzentrieren-sich-auf-neue-europaische-verteidigungsstrategie","status":"publish","type":"post","link":"https:\/\/dailynewshungary.com\/de\/eu-ausenminister-konzentrieren-sich-auf-neue-europaische-verteidigungsstrategie\/","title":{"rendered":"EU-Au\u00dfenminister konzentrieren sich auf neue europ\u00e4ische Verteidigungsstrategie"},"content":{"rendered":"<p><strong>Br\u00fcssel (MTI) \u2013 Die Au\u00dfenminister der Europ\u00e4ischen Union h\u00e4tten Pl\u00e4ne f\u00fcr eine neue europ\u00e4ische Verteidigungsstrategie auf der Tagesordnung ihres informellen Treffens am Freitag in Amsterdam, sagte Peter Szijj\u00e1rt\u00f3 telefonisch gegen\u00fcber MTI.<\/strong><\/p>\n<p>Der ungarische Au\u00dfenminister sagte, dass Europa seit dem Zweiten Weltkrieg nicht mehr vor so vielen Sicherheitsherausforderungen gestanden habe, insbesondere nicht vor den Herausforderungen im S\u00fcden und Osten.<\/p>\n<p>Bez\u00fcglich der neuen Strategie sagte Szijj\u00e1rt\u00f3, es sei von entscheidender Bedeutung, sich auf die Stabilit\u00e4t im Westbalkan und in den \u00f6stlichen Nachbarn der EU zu konzentrieren. Ungarn dr\u00e4ngt auf eine Beschleunigung der EU-Integration der ehemaligen Region und werde vorschlagen, die europ\u00e4ischen Sanktionen gegen Wei\u00dfrussland aufzuheben, sagte Szijjarto Er schlug au\u00dferdem vor, dass die EU ihre Visumpflicht f\u00fcr B\u00fcrger Georgiens abschaffen sollte.<\/p>\n<p><em>Foto: MTI<\/em><\/p>\n","protected":false},"excerpt":{"rendered":"<p>Br\u00fcssel (MTI) \u2013 Die Au\u00dfenminister der Europ\u00e4ischen Union h\u00e4tten Pl\u00e4ne f\u00fcr eine neue europ\u00e4ische Verteidigungsstrategie auf der Tagesordnung ihres informellen Treffens am Freitag in Amsterdam, sagte Peter Szijj\u00e1rt\u00f3 telefonisch gegen\u00fcber MTI. Der ungarische Au\u00dfenminister sagte, dass Europa seit dem Zweiten Weltkrieg nicht mehr vor so vielen Sicherheitsherausforderungen gestanden habe, insbesondere nicht vor den Herausforderungen im [&hellip;]<\/p>\n","protected":false},"author":2,"featured_media":761077,"comment_status":"open","ping_status":"open","sticky":false,"template":"","format":"standard","meta":{"_acf_changed":false,"_display_image":"","footnotes":""},"categories":[1081],"tags":[1203,1169,1082],"class_list":["post-761076","post","type-post","status-publish","format-standard","has-post-thumbnail","hentry","category-politik","tag-armee","tag-aussenministerium-von-ungarn","tag-europaische-union"],"blocksy_meta":[],"acf":[],"author_username":"alk","telegram_post":"","public_post_metadata":{"breaking_news":"","important":"","csempe":"","center_tile":"","disable_thumbnail":"","target_lang":"","_featured_image_style":"","telegram_post":"","_xlat_group_id":""},"public_rank_math_data":{"title":"%title% %sep% %sitename%","description":"","focus_keyword":"","canonical_url":"","robots":"","primary_category":"1081","breadcrumb_title":"","facebook_title":"","facebook_description":"","facebook_image":"","facebook_image_id":"","twitter_title":"","twitter_description":"","twitter_image":"","twitter_image_id":"","twitter_card_type":"","twitter_use_facebook":"","advanced_robots":"","pillar_content":"","seo_score":"","contentai_score":"","rich_snippet":""},"_links":{"self":[{"href":"https:\/\/dailynewshungary.com\/de\/wp-json\/wp\/v2\/posts\/761076","targetHints":{"allow":["GET"]}}],"collection":[{"href":"https:\/\/dailynewshungary.com\/de\/wp-json\/wp\/v2\/posts"}],"about":[{"href":"https:\/\/dailynewshungary.com\/de\/wp-json\/wp\/v2\/types\/post"}],"author":[{"embeddable":true,"href":"https:\/\/dailynewshungary.com\/de\/wp-json\/wp\/v2\/users\/2"}],"replies":[{"embeddable":true,"href":"https:\/\/dailynewshungary.com\/de\/wp-json\/wp\/v2\/comments?post=761076"}],"version-history":[{"count":0,"href":"https:\/\/dailynewshungary.com\/de\/wp-json\/wp\/v2\/posts\/761076\/revisions"}],"wp:featuredmedia":[{"embeddable":true,"href":"https:\/\/dailynewshungary.com\/de\/wp-json\/wp\/v2\/media\/761077"}],"wp:attachment":[{"href":"https:\/\/dailynewshungary.com\/de\/wp-json\/wp\/v2\/media?parent=761076"}],"wp:term":[{"taxonomy":"category","embeddable":true,"href":"https:\/\/dailynewshungary.com\/de\/wp-json\/wp\/v2\/categories?post=761076"},{"taxonomy":"post_tag","embeddable":true,"href":"https:\/\/dailynewshungary.com\/de\/wp-json\/wp\/v2\/tags?post=761076"}],"curies":[{"name":"wp","href":"https:\/\/api.w.org\/{rel}","templated":true}]}}